{"id":15944,"date":"2025-02-05T20:53:34","date_gmt":"2025-02-05T17:53:34","guid":{"rendered":"https:\/\/www.egemtv.com\/?p=15944"},"modified":"2025-02-05T20:53:40","modified_gmt":"2025-02-05T17:53:40","slug":"aydina-sehit-atesi-dustu","status":"publish","type":"post","link":"https:\/\/www.egemtv.com\/?p=15944","title":{"rendered":"Ayd\u0131n\u2019a \u015fehit ate\u015fi d\u00fc\u015ft\u00fc"},"content":{"rendered":"<p>Pen\u00e7e-Kilit operasyonu b\u00f6lgesinde b\u00f6l\u00fcc\u00fc ter\u00f6r \u00f6rg\u00fct\u00fc mensuplar\u0131 ile \u00e7\u0131kan \u00e7at\u0131\u015fmada \u015fehit olan Piyade Komando Binba\u015f\u0131 Murat Kemal Yeti\u015fen\u2019in Ayd\u0131n\u2019\u0131n Efeler il\u00e7esindeki ailesine ac\u0131 haber ula\u015ft\u0131.<br \/>\n<br \/>Ayd\u0131nl\u0131 Piyade Komando Binba\u015f\u0131 Murat Kemal Yeti\u015fen (43), Kuzey Irak\u2019ta Pen\u00e7e-Kilit operasyonu b\u00f6lgesinde b\u00f6l\u00fcc\u00fc ter\u00f6r \u00f6rg\u00fct\u00fc mensuplar\u0131 ile \u00e7\u0131kan \u00e7at\u0131\u015fmada \u015fehit oldu. Ac\u0131 haber \u015fehidin Efeler il\u00e7esindeki ailesine Ayd\u0131n Valisi Mehmet Y\u00fcce taraf\u0131ndan verildi. \u015eehidin evine T\u00fcrk bayra\u011f\u0131 as\u0131ld\u0131. \u015eehidin naa\u015f\u0131, yar\u0131n ikindi namaz\u0131n\u0131 m\u00fcteakip Ayd\u0131n Bey Camii\u2019nde k\u0131l\u0131nacak cenaze namaz\u0131n\u0131n ard\u0131ndan Kemer Mezarl\u0131\u011f\u0131na defnedilecek. \u015eehidin evli ve bir \u00e7ocuk babas\u0131 oldu\u011fu \u00f6\u011frenildi.<br \/><\/p>\n","protected":false},"excerpt":{"rendered":"<p>Pen\u00e7e-Kilit operasyonu b\u00f6lgesinde b\u00f6l\u00fcc\u00fc ter\u00f6r \u00f6rg\u00fct\u00fc mensuplar\u0131 ile \u00e7\u0131kan \u00e7at\u0131\u015fmada \u015fehit olan Piyade Komando Binba\u015f\u0131 Murat Kemal Yeti\u015fen\u2019in Ayd\u0131n\u2019\u0131n Efeler il\u00e7esindeki ailesine ac\u0131 haber ula\u015ft\u0131. Ayd\u0131nl\u0131 Piyade Komando Binba\u015f\u0131 Murat Kemal Yeti\u015fen (43), Kuzey Irak\u2019ta Pen\u00e7e-Kilit operasyonu b\u00f6lgesinde b\u00f6l\u00fcc\u00fc ter\u00f6r \u00f6rg\u00fct\u00fc mensuplar\u0131 ile \u00e7\u0131kan \u00e7at\u0131\u015fmada \u015fehit oldu. Ac\u0131 haber \u015fehidin Efeler il\u00e7esindeki ailesine Ayd\u0131n Valisi&#8230;<\/p>\n","protected":false},"author":1,"featured_media":15945,"comment_status":"open","ping_status":"open","sticky":false,"template":"","format":"standard","meta":{"_crdt_document":"","footnotes":""},"categories":[1],"tags":[],"class_list":["post-15944","post","type-post","status-publish","format-standard","has-post-thumbnail","hentry","category-guncel"],"_links":{"self":[{"href":"https:\/\/www.egemtv.com\/index.php?rest_route=\/wp\/v2\/posts\/15944","targetHints":{"allow":["GET"]}}],"collection":[{"href":"https:\/\/www.egemtv.com\/index.php?rest_route=\/wp\/v2\/posts"}],"about":[{"href":"https:\/\/www.egemtv.com\/index.php?rest_route=\/wp\/v2\/types\/post"}],"author":[{"embeddable":true,"href":"https:\/\/www.egemtv.com\/index.php?rest_route=\/wp\/v2\/users\/1"}],"replies":[{"embeddable":true,"href":"https:\/\/www.egemtv.com\/index.php?rest_route=%2Fwp%2Fv2%2Fcomments&post=15944"}],"version-history":[{"count":1,"href":"https:\/\/www.egemtv.com\/index.php?rest_route=\/wp\/v2\/posts\/15944\/revisions"}],"predecessor-version":[{"id":15946,"href":"https:\/\/www.egemtv.com\/index.php?rest_route=\/wp\/v2\/posts\/15944\/revisions\/15946"}],"wp:featuredmedia":[{"embeddable":true,"href":"https:\/\/www.egemtv.com\/index.php?rest_route=\/wp\/v2\/media\/15945"}],"wp:attachment":[{"href":"https:\/\/www.egemtv.com\/index.php?rest_route=%2Fwp%2Fv2%2Fmedia&parent=15944"}],"wp:term":[{"taxonomy":"category","embeddable":true,"href":"https:\/\/www.egemtv.com\/index.php?rest_route=%2Fwp%2Fv2%2Fcategories&post=15944"},{"taxonomy":"post_tag","embeddable":true,"href":"https:\/\/www.egemtv.com\/index.php?rest_route=%2Fwp%2Fv2%2Ftags&post=15944"}],"curies":[{"name":"wp","href":"https:\/\/api.w.org\/{rel}","templated":true}]}}