{"id":15941,"date":"2025-02-05T20:09:19","date_gmt":"2025-02-05T17:09:19","guid":{"rendered":"https:\/\/www.egemtv.com\/?p=15941"},"modified":"2025-02-05T20:09:23","modified_gmt":"2025-02-05T17:09:23","slug":"11-yil-once-bozdoganda-7-kisiyi-yaralayan-sahis-nazillide-yakalandi","status":"publish","type":"post","link":"https:\/\/www.egemtv.com\/?p=15941","title":{"rendered":"11 y\u0131l \u00f6nce Bozdo\u011fan\u2019da 7 ki\u015fiyi yaralayan \u015fah\u0131s Nazilli\u2019de yakaland\u0131"},"content":{"rendered":"<p>Ayd\u0131n\u2019\u0131n Bozdo\u011fan il\u00e7esinde 11 y\u0131l \u00f6nce e\u015fi ve k\u0131z\u0131 dahil olmak \u00fczere 7 ki\u015fiyi yaralayan \u015fah\u0131s Nazilli\u2019de sakland\u0131\u011f\u0131 evde polis taraf\u0131ndan yakaland\u0131.<br \/>\n<br \/>Olay 05 Temmuz 2014 tarihinde Kavakl\u0131 Mahallesi\u2019nde meydana gelmi\u015fti. \u0130zmir\u2019deki i\u015fleri iyi gitmeyen H.A. Bozdo\u011fan\u2019\u0131n Kavakl\u0131 Mahallesi\u2019ndeki evine d\u00f6nd\u00fc. Bir s\u00fcre burada ya\u015fayan ve e\u015finde bo\u015fanan H.A. iddiaya g\u00f6re bunal\u0131ma girerek, e\u015fi ve k\u0131z\u0131 dahil olmak \u00fczere mahallede \u00f6n\u00fcne gelene ate\u015f a\u00e7arak biri a\u011f\u0131r 7 ki\u015fiyi yaralam\u0131\u015ft\u0131.<br \/>\n<br \/>11 y\u0131l \u00f6nce Bozdo\u011fan\u2019da i\u015fledi\u011fi olay\u0131n \u015f\u00fcphelisi, kasten \u00f6ld\u00fcrme su\u00e7undan aramas\u0131 19 y\u0131l 9 ay aramas\u0131 bulunan H.A. Nazilli \u0130l\u00e7e Emniyet M\u00fcd\u00fcrl\u00fc\u011f\u00fc ekipleri taraf\u0131ndan sakland\u0131\u011f\u0131 evde yakaland\u0131.<br \/>\n<br \/>73 ya\u015f\u0131ndaki H.A. i\u015flemlerinin ard\u0131ndan cezaevine g\u00f6nderildi.<br \/><\/p>\n","protected":false},"excerpt":{"rendered":"<p>Ayd\u0131n\u2019\u0131n Bozdo\u011fan il\u00e7esinde 11 y\u0131l \u00f6nce e\u015fi ve k\u0131z\u0131 dahil olmak \u00fczere 7 ki\u015fiyi yaralayan \u015fah\u0131s Nazilli\u2019de sakland\u0131\u011f\u0131 evde polis taraf\u0131ndan yakaland\u0131. Olay 05 Temmuz 2014 tarihinde Kavakl\u0131 Mahallesi\u2019nde meydana gelmi\u015fti. \u0130zmir\u2019deki i\u015fleri iyi gitmeyen H.A. Bozdo\u011fan\u2019\u0131n Kavakl\u0131 Mahallesi\u2019ndeki evine d\u00f6nd\u00fc. Bir s\u00fcre burada ya\u015fayan ve e\u015finde bo\u015fanan H.A. iddiaya g\u00f6re bunal\u0131ma girerek, e\u015fi ve&#8230;<\/p>\n","protected":false},"author":1,"featured_media":15942,"comment_status":"open","ping_status":"open","sticky":false,"template":"","format":"standard","meta":{"_crdt_document":"","footnotes":""},"categories":[5],"tags":[],"class_list":["post-15941","post","type-post","status-publish","format-standard","has-post-thumbnail","hentry","category-asayis"],"_links":{"self":[{"href":"https:\/\/www.egemtv.com\/index.php?rest_route=\/wp\/v2\/posts\/15941","targetHints":{"allow":["GET"]}}],"collection":[{"href":"https:\/\/www.egemtv.com\/index.php?rest_route=\/wp\/v2\/posts"}],"about":[{"href":"https:\/\/www.egemtv.com\/index.php?rest_route=\/wp\/v2\/types\/post"}],"author":[{"embeddable":true,"href":"https:\/\/www.egemtv.com\/index.php?rest_route=\/wp\/v2\/users\/1"}],"replies":[{"embeddable":true,"href":"https:\/\/www.egemtv.com\/index.php?rest_route=%2Fwp%2Fv2%2Fcomments&post=15941"}],"version-history":[{"count":1,"href":"https:\/\/www.egemtv.com\/index.php?rest_route=\/wp\/v2\/posts\/15941\/revisions"}],"predecessor-version":[{"id":15943,"href":"https:\/\/www.egemtv.com\/index.php?rest_route=\/wp\/v2\/posts\/15941\/revisions\/15943"}],"wp:featuredmedia":[{"embeddable":true,"href":"https:\/\/www.egemtv.com\/index.php?rest_route=\/wp\/v2\/media\/15942"}],"wp:attachment":[{"href":"https:\/\/www.egemtv.com\/index.php?rest_route=%2Fwp%2Fv2%2Fmedia&parent=15941"}],"wp:term":[{"taxonomy":"category","embeddable":true,"href":"https:\/\/www.egemtv.com\/index.php?rest_route=%2Fwp%2Fv2%2Fcategories&post=15941"},{"taxonomy":"post_tag","embeddable":true,"href":"https:\/\/www.egemtv.com\/index.php?rest_route=%2Fwp%2Fv2%2Ftags&post=15941"}],"curies":[{"name":"wp","href":"https:\/\/api.w.org\/{rel}","templated":true}]}}