{"id":15938,"date":"2025-02-05T20:04:53","date_gmt":"2025-02-05T17:04:53","guid":{"rendered":"https:\/\/www.egemtv.com\/?p=15938"},"modified":"2025-02-05T20:04:58","modified_gmt":"2025-02-05T17:04:58","slug":"kendisini-kurtaran-komisere-simsiki-sarildi","status":"publish","type":"post","link":"https:\/\/www.egemtv.com\/?p=15938","title":{"rendered":"Kendisini kurtaran komisere s\u0131ms\u0131k\u0131 sar\u0131ld\u0131"},"content":{"rendered":"<p>Ayd\u0131n\u2019\u0131n Ku\u015fadas\u0131 il\u00e7esinde kontrolden \u00e7\u0131kan t\u0131r\u0131n tarlaya u\u00e7tu\u011fu kazada 1 ki\u015fi hayat\u0131n\u0131 kaybetti, 3 ki\u015fi yaraland\u0131. T\u0131rda s\u0131k\u0131\u015fan k\u0131z \u00e7ocu\u011funun kendisini kurtaran komisere s\u0131k\u0131 s\u0131k\u0131 sar\u0131l\u0131rken, komiser de sa\u011fl\u0131k ekiplerine teslim etti\u011fi k\u0131z\u0131n yan\u0131ndan ayr\u0131lmad\u0131.<br \/>\n<br \/>Ku\u015fadas\u0131 il\u00e7esi Yenik\u00f6y yolu \u00fczerinde viraj\u0131 alamayarak yol kenar\u0131ndaki tarlaya u\u00e7an yem y\u00fckl\u00fc t\u0131rda bulunan s\u00fcr\u00fcc\u00fcyle birlikte 4 ki\u015fi, ara\u00e7ta s\u0131k\u0131\u015ft\u0131. \u0130hbar \u00fczerine olay yerine gelen Ayd\u0131n B\u00fcy\u00fck\u015fehir Belediyesi \u0130tfaiye Daire Ba\u015fkanl\u0131\u011f\u0131 ekipleri, adeta zamanla yar\u0131\u015farak ara\u00e7ta s\u0131k\u0131\u015fan yaral\u0131lar\u0131 kurtarmak i\u00e7in \u00e7al\u0131\u015fma ba\u015flatt\u0131. Ekiplerin yo\u011fun \u00e7abas\u0131n\u0131n ard\u0131ndan ara\u00e7ta s\u0131k\u0131\u015fan 3 ki\u015fi kurtar\u0131larak sa\u011fl\u0131k ekiplerine teslim edildi.<br \/>\n<br \/>O esnada kurtarma \u00e7al\u0131\u015fmalar\u0131na destek veren komiser Kadir \u015eim\u015fek, ara\u00e7tan \u00e7\u0131kar\u0131lan k\u0131z k\u0131z \u00e7ocu\u011funu kuca\u011f\u0131na alarak sa\u011fl\u0131k ekiplerine teslim etti. Kurtar\u0131lan k\u00fc\u00e7\u00fck k\u0131z ise kendisini kurtaran komiser \u015eim\u015fek\u2019e s\u0131k\u0131 s\u0131k\u0131 sar\u0131ld\u0131, komiser de sedyeye bindirdi\u011fi k\u00fc\u00e7\u00fck k\u0131z\u0131n yan\u0131ndan ayr\u0131lmad\u0131.<br \/>\n<br \/>Kazada s\u00fcr\u00fcc\u00fc Bahattin S\u00f6nmez\u2019in hayat\u0131n\u0131 kaybetti\u011fi, t\u0131rda bulunan ve hastaneye kald\u0131r\u0131lan yaral\u0131lar\u0131n O.K. (17), M.T. (16), A.A. (15) isimli ki\u015filer oldu\u011fu \u00f6\u011frenildi. Kazada yaral\u0131 olarak kurtar\u0131lan 18 ya\u015f\u0131ndan k\u00fc\u00e7\u00fck biri erkek, 2\u2019si de k\u0131z \u00e7ocu\u011fu olmak \u00fczere 3 ki\u015finin s\u00fcr\u00fcc\u00fcy\u00fc tan\u0131mad\u0131klar\u0131n\u0131 belirttikleri \u00f6\u011frenilirken, Cumhuriyet Savc\u0131l\u0131\u011f\u0131\u2019n\u0131n talimat\u0131 ile g\u00fcvenlik g\u00fc\u00e7leri kazayla ilgili soru\u015fturma ba\u015flatt\u0131.<br \/><\/p>\n","protected":false},"excerpt":{"rendered":"<p>Ayd\u0131n\u2019\u0131n Ku\u015fadas\u0131 il\u00e7esinde kontrolden \u00e7\u0131kan t\u0131r\u0131n tarlaya u\u00e7tu\u011fu kazada 1 ki\u015fi hayat\u0131n\u0131 kaybetti, 3 ki\u015fi yaraland\u0131. T\u0131rda s\u0131k\u0131\u015fan k\u0131z \u00e7ocu\u011funun kendisini kurtaran komisere s\u0131k\u0131 s\u0131k\u0131 sar\u0131l\u0131rken, komiser de sa\u011fl\u0131k ekiplerine teslim etti\u011fi k\u0131z\u0131n yan\u0131ndan ayr\u0131lmad\u0131. Ku\u015fadas\u0131 il\u00e7esi Yenik\u00f6y yolu \u00fczerinde viraj\u0131 alamayarak yol kenar\u0131ndaki tarlaya u\u00e7an yem y\u00fckl\u00fc t\u0131rda bulunan s\u00fcr\u00fcc\u00fcyle birlikte 4 ki\u015fi, ara\u00e7ta&#8230;<\/p>\n","protected":false},"author":1,"featured_media":15939,"comment_status":"open","ping_status":"open","sticky":false,"template":"","format":"standard","meta":{"_crdt_document":"","footnotes":""},"categories":[5],"tags":[],"class_list":["post-15938","post","type-post","status-publish","format-standard","has-post-thumbnail","hentry","category-asayis"],"_links":{"self":[{"href":"https:\/\/www.egemtv.com\/index.php?rest_route=\/wp\/v2\/posts\/15938","targetHints":{"allow":["GET"]}}],"collection":[{"href":"https:\/\/www.egemtv.com\/index.php?rest_route=\/wp\/v2\/posts"}],"about":[{"href":"https:\/\/www.egemtv.com\/index.php?rest_route=\/wp\/v2\/types\/post"}],"author":[{"embeddable":true,"href":"https:\/\/www.egemtv.com\/index.php?rest_route=\/wp\/v2\/users\/1"}],"replies":[{"embeddable":true,"href":"https:\/\/www.egemtv.com\/index.php?rest_route=%2Fwp%2Fv2%2Fcomments&post=15938"}],"version-history":[{"count":1,"href":"https:\/\/www.egemtv.com\/index.php?rest_route=\/wp\/v2\/posts\/15938\/revisions"}],"predecessor-version":[{"id":15940,"href":"https:\/\/www.egemtv.com\/index.php?rest_route=\/wp\/v2\/posts\/15938\/revisions\/15940"}],"wp:featuredmedia":[{"embeddable":true,"href":"https:\/\/www.egemtv.com\/index.php?rest_route=\/wp\/v2\/media\/15939"}],"wp:attachment":[{"href":"https:\/\/www.egemtv.com\/index.php?rest_route=%2Fwp%2Fv2%2Fmedia&parent=15938"}],"wp:term":[{"taxonomy":"category","embeddable":true,"href":"https:\/\/www.egemtv.com\/index.php?rest_route=%2Fwp%2Fv2%2Fcategories&post=15938"},{"taxonomy":"post_tag","embeddable":true,"href":"https:\/\/www.egemtv.com\/index.php?rest_route=%2Fwp%2Fv2%2Ftags&post=15938"}],"curies":[{"name":"wp","href":"https:\/\/api.w.org\/{rel}","templated":true}]}}