{"id":15926,"date":"2025-02-05T18:19:40","date_gmt":"2025-02-05T15:19:40","guid":{"rendered":"https:\/\/www.egemtv.com\/?p=15926"},"modified":"2025-02-05T18:19:45","modified_gmt":"2025-02-05T15:19:45","slug":"valilik-acikladi-31-bin-afetzede-aydina-geldi","status":"publish","type":"post","link":"https:\/\/www.egemtv.com\/?p=15926","title":{"rendered":"Valilik a\u00e7\u0131klad\u0131: 31 bin afetzede Ayd\u0131n\u2019a geldi"},"content":{"rendered":"<p>Kahramanmara\u015f ve \u00e7evresindeki illerde etkili olan 6 \u015eubat depremlerinin 2. y\u0131l d\u00f6n\u00fcm\u00fc dolay\u0131s\u0131yla a\u00e7\u0131klama yapan Ayd\u0131n Valili\u011fi, afet sonras\u0131 a\u00e7\u0131lan kay\u0131t masas\u0131 kay\u0131tlar\u0131na g\u00f6re Ayd\u0131n\u2019a 31 bin 668 afetzedenin geldi\u011fi belirtildi.<\/p>\n<p>Ayd\u0131n Valili\u011fi taraf\u0131ndan 6 \u015eubat depremlerinin 2. y\u0131ld\u00f6n\u00fcm\u00fc dolay\u0131s\u0131yla yap\u0131lan a\u00e7\u0131klamada ya\u015fanan deprem sonras\u0131 Ayd\u0131n il genelinden 3 bin 583 kamu personeli, 481 STK ve \u00f6zel sekt\u00f6r personeli olmak \u00fczere toplam 4 bin 64 personel ve 252\u2019si i\u015f makinesi, kamyon-treyler olmak \u00fczere toplam 329 arac\u0131n afet b\u00f6lgesine g\u00f6nderildi\u011fi kaydedildi. A\u00e7\u0131klamada Ayd\u0131n\u2019da afet sonras\u0131 a\u00e7\u0131lan kay\u0131t masas\u0131nda beyana dayal\u0131 olarak 31 bin 668 afetzede geldi\u011fi tespit edilirken, 27 bin 739 ki\u015finin kendi imkanlar\u0131 ile konakland\u0131\u011f\u0131, 3 bin 929 ki\u015finin ise kamu misafirhaneleri, KYK yurtlar\u0131 ve pansiyonlara yerle\u015ftirildi\u011fi belirtildi.<\/p>\n<p>Konuyla ilgili Ayd\u0131n Valili\u011fi\u2019nden yap\u0131lan a\u00e7\u0131klamada, &#8220;\u0130limize gelen afetzedelerin kay\u0131t-kabul i\u015flemleri i\u00e7in Afetzede Kay\u0131t Masas\u0131 ve Afetzede Bilgilendirme Masas\u0131 kurulmu\u015f olup, Se\u00e7im ve YKS s\u0131nav\u0131 zaman\u0131 olu\u015fan yo\u011funlu\u011fu azaltmak amac\u0131yla afetzedelerimiz i\u00e7in Ba\u015fvuru ve Tahliye Masas\u0131 olu\u015fturulmu\u015ftur. \u0130lgili M\u00fcd\u00fcrl\u00fc\u011f\u00fcm\u00fczce afetzedelerin \u00f6deme, bilgilendirme ve hak sahipli\u011fiyle ilgili sorunlar\u0131n\u0131 \u00e7\u00f6z\u00fcme ula\u015ft\u0131rmak i\u00e7in aktif olarak iki masa kurulmu\u015f. 6 \u015eubat 2023 tarihinde ya\u015fanan Kahramanmara\u015f Deprem Afetleri nedeniyle \u0130limize bulunan afetzedelerin, hak sahipli\u011fi ve bor\u00e7land\u0131rma \u00e7al\u0131\u015fmalar\u0131 i\u00e7in ba\u015fvurular\u0131 al\u0131narak AYDES sistemi \u00fczerinden i\u015flemleri ger\u00e7ekle\u015ftirilmi\u015ftir&#8221; denildi.<\/p>\n<p>Yap\u0131lan destekler hakk\u0131nda bilgilerin de yer ald\u0131\u011f\u0131 a\u00e7\u0131klamada, &#8220;\u0130limize gelen ve ilimizden ayr\u0131lan afetzedelerimizin otob\u00fcs ve u\u00e7ak bileti \u00f6demelerinde; bin 528 ki\u015fi giden ve 292 ki\u015fi d\u00f6nen afetzede olmak \u00fczere toplam bin 820 afetzedeye AFAD \u0130l M\u00fcd\u00fcrl\u00fc\u011f\u00fcm\u00fcz taraf\u0131ndan 1 milyon 023 bin 018 TL \u00f6deme yap\u0131lm\u0131\u015ft\u0131r. Tahliye.afad.gov.tr sisteminden al\u0131nan yol masraf belgesi verilerine g\u00f6re Afet b\u00f6lgelerince d\u00f6nd\u00fckleri onaylanan 688 \u015fahsi ara\u00e7- 2 bin 466 afetzede i\u00e7in 1milyon 591 bin 557 TL yol masraf belgesi \u00f6demesi yap\u0131lm\u0131\u015ft\u0131r. AFAD \u0130l M\u00fcd\u00fcrl\u00fc\u011f\u00fcm\u00fcz taraf\u0131ndan toplamda 4 bin 286 afetzedemiz i\u00e7in 2 milyon 614 bin 575 TL seyahat \u00f6demesi yap\u0131lm\u0131\u015f, 2024 y\u0131l\u0131 i\u00e7erisinde acil yard\u0131m \u00f6dene\u011fi kapsam\u0131nda evleri afetlerden dolay\u0131 zarar g\u00f6ren 37 afetzedeye 3 milyon 497.690 TL nakdi yard\u0131m yap\u0131lm\u0131\u015ft\u0131r. 2024 y\u0131l\u0131 i\u00e7erisinde Evim Yuvam Olsun Kampanyas\u0131 kapsam\u0131nda bulunan 32 hane i\u00e7in 420.750.000 TL nakdi yard\u0131m yap\u0131lm\u0131\u015ft\u0131r. AFAD \u0130l M\u00fcd\u00fcrl\u00fc\u011f\u00fcm\u00fczden 48 ayr\u0131 personel, 7 Sivil Toplum Kurulu\u015fumuzdan 131 ki\u015fi ve AFAD G\u00f6n\u00fcll\u00fclerimizden 40 ki\u015fi olmak \u00fczere 219 ki\u015fi aktif \u00e7al\u0131\u015fmalarda bulunmu\u015ftur&#8221; ifadelerine yer verildi.<br \/><\/p>\n","protected":false},"excerpt":{"rendered":"<p>Kahramanmara\u015f ve \u00e7evresindeki illerde etkili olan 6 \u015eubat depremlerinin 2. y\u0131l d\u00f6n\u00fcm\u00fc dolay\u0131s\u0131yla a\u00e7\u0131klama yapan Ayd\u0131n Valili\u011fi, afet sonras\u0131 a\u00e7\u0131lan kay\u0131t masas\u0131 kay\u0131tlar\u0131na g\u00f6re Ayd\u0131n\u2019a 31 bin 668 afetzedenin geldi\u011fi belirtildi. Ayd\u0131n Valili\u011fi taraf\u0131ndan 6 \u015eubat depremlerinin 2. y\u0131ld\u00f6n\u00fcm\u00fc dolay\u0131s\u0131yla yap\u0131lan a\u00e7\u0131klamada ya\u015fanan deprem sonras\u0131 Ayd\u0131n il genelinden 3 bin 583 kamu personeli, 481 STK&#8230;<\/p>\n","protected":false},"author":1,"featured_media":15927,"comment_status":"open","ping_status":"open","sticky":false,"template":"","format":"standard","meta":{"_crdt_document":"","footnotes":""},"categories":[1],"tags":[],"class_list":["post-15926","post","type-post","status-publish","format-standard","has-post-thumbnail","hentry","category-guncel"],"_links":{"self":[{"href":"https:\/\/www.egemtv.com\/index.php?rest_route=\/wp\/v2\/posts\/15926","targetHints":{"allow":["GET"]}}],"collection":[{"href":"https:\/\/www.egemtv.com\/index.php?rest_route=\/wp\/v2\/posts"}],"about":[{"href":"https:\/\/www.egemtv.com\/index.php?rest_route=\/wp\/v2\/types\/post"}],"author":[{"embeddable":true,"href":"https:\/\/www.egemtv.com\/index.php?rest_route=\/wp\/v2\/users\/1"}],"replies":[{"embeddable":true,"href":"https:\/\/www.egemtv.com\/index.php?rest_route=%2Fwp%2Fv2%2Fcomments&post=15926"}],"version-history":[{"count":1,"href":"https:\/\/www.egemtv.com\/index.php?rest_route=\/wp\/v2\/posts\/15926\/revisions"}],"predecessor-version":[{"id":15928,"href":"https:\/\/www.egemtv.com\/index.php?rest_route=\/wp\/v2\/posts\/15926\/revisions\/15928"}],"wp:featuredmedia":[{"embeddable":true,"href":"https:\/\/www.egemtv.com\/index.php?rest_route=\/wp\/v2\/media\/15927"}],"wp:attachment":[{"href":"https:\/\/www.egemtv.com\/index.php?rest_route=%2Fwp%2Fv2%2Fmedia&parent=15926"}],"wp:term":[{"taxonomy":"category","embeddable":true,"href":"https:\/\/www.egemtv.com\/index.php?rest_route=%2Fwp%2Fv2%2Fcategories&post=15926"},{"taxonomy":"post_tag","embeddable":true,"href":"https:\/\/www.egemtv.com\/index.php?rest_route=%2Fwp%2Fv2%2Ftags&post=15926"}],"curies":[{"name":"wp","href":"https:\/\/api.w.org\/{rel}","templated":true}]}}