{"id":15923,"date":"2025-02-05T18:14:34","date_gmt":"2025-02-05T15:14:34","guid":{"rendered":"https:\/\/www.egemtv.com\/?p=15923"},"modified":"2025-02-05T18:14:39","modified_gmt":"2025-02-05T15:14:39","slug":"kocayayla-gecidinde-kar-ve-tipi-ulasimi-olumsuz-etkiledi","status":"publish","type":"post","link":"https:\/\/www.egemtv.com\/?p=15923","title":{"rendered":"Kocayayla Ge\u00e7idi\u2019nde kar ve tipi ula\u015f\u0131m\u0131 olumsuz etkiledi"},"content":{"rendered":"<p>K\u00fctahya\u2019n\u0131n Domani\u00e7 il\u00e7esinden etkili olan kar ya\u011f\u0131\u015f\u0131 ve tipi Kocayayla Ge\u00e7idi\u2019nde ula\u015f\u0131m\u0131 olumsuz etkiledi.<br \/>\n<br \/>K\u00fctahya\u2019n\u0131n Domani\u00e7 il\u00e7esinde bulunan, bin 500 rak\u0131m y\u00fcksekli\u011findeki Kocayayla Ge\u00e7idi, etkili olan kar ya\u011f\u0131\u015f\u0131 ve tipi nedeniyle zaman zaman ula\u015f\u0131ma kapan\u0131yor. Karayollar\u0131 ekipleri, yolun a\u00e7\u0131k kalabilmesi i\u00e7in 7\/24 aral\u0131ks\u0131z \u00e7al\u0131\u015fma y\u00fcr\u00fct\u00fcyor. Ancak k\u0131\u015f lasti\u011fi takmayan ya da t\u00fcm uyar\u0131lara ra\u011fmen yola \u00e7\u0131kan a\u011f\u0131r vas\u0131talar, kayma ve yolda kalma nedeniyle trafik ak\u0131\u015f\u0131n\u0131 olumsuz etkiliyor.<br \/>\n<br \/>Hava s\u0131cakl\u0131\u011f\u0131n\u0131n eksi 8 dereceye kadar d\u00fc\u015ft\u00fc\u011f\u00fc da\u011f yolunda yer yer buzlanmalar da meydana geliyor. Yetkililer, s\u00fcr\u00fcc\u00fcleri dikkatli olmalar\u0131 ve k\u0131\u015f lastiksiz yola \u00e7\u0131kmamalar\u0131 konusunda uyar\u0131yor.<br \/><\/p>\n","protected":false},"excerpt":{"rendered":"<p>K\u00fctahya\u2019n\u0131n Domani\u00e7 il\u00e7esinden etkili olan kar ya\u011f\u0131\u015f\u0131 ve tipi Kocayayla Ge\u00e7idi\u2019nde ula\u015f\u0131m\u0131 olumsuz etkiledi. K\u00fctahya\u2019n\u0131n Domani\u00e7 il\u00e7esinde bulunan, bin 500 rak\u0131m y\u00fcksekli\u011findeki Kocayayla Ge\u00e7idi, etkili olan kar ya\u011f\u0131\u015f\u0131 ve tipi nedeniyle zaman zaman ula\u015f\u0131ma kapan\u0131yor. Karayollar\u0131 ekipleri, yolun a\u00e7\u0131k kalabilmesi i\u00e7in 7\/24 aral\u0131ks\u0131z \u00e7al\u0131\u015fma y\u00fcr\u00fct\u00fcyor. Ancak k\u0131\u015f lasti\u011fi takmayan ya da t\u00fcm uyar\u0131lara ra\u011fmen yola&#8230;<\/p>\n","protected":false},"author":1,"featured_media":15924,"comment_status":"open","ping_status":"open","sticky":false,"template":"","format":"standard","meta":{"_crdt_document":"","footnotes":""},"categories":[1],"tags":[],"class_list":["post-15923","post","type-post","status-publish","format-standard","has-post-thumbnail","hentry","category-guncel"],"_links":{"self":[{"href":"https:\/\/www.egemtv.com\/index.php?rest_route=\/wp\/v2\/posts\/15923","targetHints":{"allow":["GET"]}}],"collection":[{"href":"https:\/\/www.egemtv.com\/index.php?rest_route=\/wp\/v2\/posts"}],"about":[{"href":"https:\/\/www.egemtv.com\/index.php?rest_route=\/wp\/v2\/types\/post"}],"author":[{"embeddable":true,"href":"https:\/\/www.egemtv.com\/index.php?rest_route=\/wp\/v2\/users\/1"}],"replies":[{"embeddable":true,"href":"https:\/\/www.egemtv.com\/index.php?rest_route=%2Fwp%2Fv2%2Fcomments&post=15923"}],"version-history":[{"count":1,"href":"https:\/\/www.egemtv.com\/index.php?rest_route=\/wp\/v2\/posts\/15923\/revisions"}],"predecessor-version":[{"id":15925,"href":"https:\/\/www.egemtv.com\/index.php?rest_route=\/wp\/v2\/posts\/15923\/revisions\/15925"}],"wp:featuredmedia":[{"embeddable":true,"href":"https:\/\/www.egemtv.com\/index.php?rest_route=\/wp\/v2\/media\/15924"}],"wp:attachment":[{"href":"https:\/\/www.egemtv.com\/index.php?rest_route=%2Fwp%2Fv2%2Fmedia&parent=15923"}],"wp:term":[{"taxonomy":"category","embeddable":true,"href":"https:\/\/www.egemtv.com\/index.php?rest_route=%2Fwp%2Fv2%2Fcategories&post=15923"},{"taxonomy":"post_tag","embeddable":true,"href":"https:\/\/www.egemtv.com\/index.php?rest_route=%2Fwp%2Fv2%2Ftags&post=15923"}],"curies":[{"name":"wp","href":"https:\/\/api.w.org\/{rel}","templated":true}]}}