{"id":15920,"date":"2025-02-05T17:52:30","date_gmt":"2025-02-05T14:52:30","guid":{"rendered":"https:\/\/www.egemtv.com\/?p=15920"},"modified":"2025-02-05T17:52:35","modified_gmt":"2025-02-05T14:52:35","slug":"denizli-buyuksehir-beslenme-yardimlarina-devam-ediyor","status":"publish","type":"post","link":"https:\/\/www.egemtv.com\/?p=15920","title":{"rendered":"Denizli B\u00fcy\u00fck\u015fehir beslenme yard\u0131mlar\u0131na devam ediyor"},"content":{"rendered":"<p>Denizli B\u00fcy\u00fck\u015fehir Belediyesi, sosyal destek projeleri kapsam\u0131nda ger\u00e7ekle\u015ftirdi\u011fi beslenme yard\u0131mlar\u0131na aral\u0131ks\u0131z devam ediyor.<\/p>\n<p>Denizli B\u00fcy\u00fck\u015fehir Belediyesi, dezavantajl\u0131 b\u00f6lgelerdeki okullarda e\u011fitim g\u00f6ren \u00f6\u011frencilerin d\u00fczenli beslenmesine katk\u0131 sa\u011flamak amac\u0131yla hayata ge\u00e7irdi\u011fi beslenme deste\u011fi projesine devam ediyor. E\u011fitimde f\u0131rsat e\u015fitli\u011fini sa\u011flamak ad\u0131na haz\u0131rlanan beslenme \u00e7antalar\u0131 i\u00e7erisinde temel beslenme \u00fcr\u00fcnlerinin yan\u0131 s\u0131ra, \u00e7ocuklar\u0131n geli\u015fimlerine katk\u0131 sa\u011flayacak dengeli ve sa\u011fl\u0131kl\u0131 beslenmeye yard\u0131mc\u0131 g\u0131dalar da yer al\u0131yor. Beslenme deste\u011fi, \u00f6zellikle ekonomik zorluk ya\u015fayan aileler i\u00e7in b\u00fcy\u00fck bir rahatlama sa\u011flarken \u00f6\u011frencilerin derslere daha iyi odaklanmas\u0131na yard\u0131mc\u0131 oluyor.<\/p>\n<p>&#8220;\u00c7ocuklar\u0131m\u0131za desteklerimizi s\u00fcrd\u00fcrmeye devam edece\u011fiz&#8221;<br \/>\n<br \/>Denizli B\u00fcy\u00fck\u015fehir Belediye Ba\u015fkan\u0131 B\u00fclent Nuri \u00c7avu\u015fo\u011flu konu ile ilgili yapt\u0131\u011f\u0131 a\u00e7\u0131klamada, \u00e7ocuklar\u0131n geli\u015fimi ve e\u011fitim hayatlar\u0131n\u0131n desteklenmesi gerekti\u011fine dikkat \u00e7ekerek, &#8220;Sa\u011fl\u0131kl\u0131 beslenme, ba\u015far\u0131l\u0131 bir e\u011fitim hayat\u0131n\u0131n temel ta\u015flar\u0131ndan biridir. \u00d6\u011frencilerimize daha iyi bir gelecek sunabilmek i\u00e7in bu projeyi ba\u015flatt\u0131k ve devam ettiriyoruz. Desteklerimizi s\u00fcrd\u00fcrece\u011fiz&#8221; ifadelerini kulland\u0131.<br \/><\/p>\n","protected":false},"excerpt":{"rendered":"<p>Denizli B\u00fcy\u00fck\u015fehir Belediyesi, sosyal destek projeleri kapsam\u0131nda ger\u00e7ekle\u015ftirdi\u011fi beslenme yard\u0131mlar\u0131na aral\u0131ks\u0131z devam ediyor. Denizli B\u00fcy\u00fck\u015fehir Belediyesi, dezavantajl\u0131 b\u00f6lgelerdeki okullarda e\u011fitim g\u00f6ren \u00f6\u011frencilerin d\u00fczenli beslenmesine katk\u0131 sa\u011flamak amac\u0131yla hayata ge\u00e7irdi\u011fi beslenme deste\u011fi projesine devam ediyor. E\u011fitimde f\u0131rsat e\u015fitli\u011fini sa\u011flamak ad\u0131na haz\u0131rlanan beslenme \u00e7antalar\u0131 i\u00e7erisinde temel beslenme \u00fcr\u00fcnlerinin yan\u0131 s\u0131ra, \u00e7ocuklar\u0131n geli\u015fimlerine katk\u0131 sa\u011flayacak dengeli ve sa\u011fl\u0131kl\u0131&#8230;<\/p>\n","protected":false},"author":1,"featured_media":15921,"comment_status":"open","ping_status":"open","sticky":false,"template":"","format":"standard","meta":{"_crdt_document":"","footnotes":""},"categories":[123],"tags":[],"class_list":["post-15920","post","type-post","status-publish","format-standard","has-post-thumbnail","hentry","category-gundem"],"_links":{"self":[{"href":"https:\/\/www.egemtv.com\/index.php?rest_route=\/wp\/v2\/posts\/15920","targetHints":{"allow":["GET"]}}],"collection":[{"href":"https:\/\/www.egemtv.com\/index.php?rest_route=\/wp\/v2\/posts"}],"about":[{"href":"https:\/\/www.egemtv.com\/index.php?rest_route=\/wp\/v2\/types\/post"}],"author":[{"embeddable":true,"href":"https:\/\/www.egemtv.com\/index.php?rest_route=\/wp\/v2\/users\/1"}],"replies":[{"embeddable":true,"href":"https:\/\/www.egemtv.com\/index.php?rest_route=%2Fwp%2Fv2%2Fcomments&post=15920"}],"version-history":[{"count":1,"href":"https:\/\/www.egemtv.com\/index.php?rest_route=\/wp\/v2\/posts\/15920\/revisions"}],"predecessor-version":[{"id":15922,"href":"https:\/\/www.egemtv.com\/index.php?rest_route=\/wp\/v2\/posts\/15920\/revisions\/15922"}],"wp:featuredmedia":[{"embeddable":true,"href":"https:\/\/www.egemtv.com\/index.php?rest_route=\/wp\/v2\/media\/15921"}],"wp:attachment":[{"href":"https:\/\/www.egemtv.com\/index.php?rest_route=%2Fwp%2Fv2%2Fmedia&parent=15920"}],"wp:term":[{"taxonomy":"category","embeddable":true,"href":"https:\/\/www.egemtv.com\/index.php?rest_route=%2Fwp%2Fv2%2Fcategories&post=15920"},{"taxonomy":"post_tag","embeddable":true,"href":"https:\/\/www.egemtv.com\/index.php?rest_route=%2Fwp%2Fv2%2Ftags&post=15920"}],"curies":[{"name":"wp","href":"https:\/\/api.w.org\/{rel}","templated":true}]}}