{"id":15916,"date":"2025-02-05T17:49:06","date_gmt":"2025-02-05T14:49:06","guid":{"rendered":"https:\/\/www.egemtv.com\/?p=15916"},"modified":"2025-02-05T17:49:13","modified_gmt":"2025-02-05T14:49:13","slug":"ataturk-sevdigi-sarkilar-ile-anildi-2","status":"publish","type":"post","link":"https:\/\/www.egemtv.com\/?p=15916","title":{"rendered":"Atat\u00fcrk sevdi\u011fi \u015fark\u0131lar ile an\u0131ld\u0131"},"content":{"rendered":"<p>Denizli B\u00fcy\u00fck\u015fehir Belediyesi taraf\u0131ndan Atat\u00fcrk\u2019\u00fcn Denizli\u2019ye geli\u015fi an\u0131s\u0131na d\u00fczenlenen &#8220;Atat\u00fcrk\u2019\u00fcn Sevdi\u011fi \u015eark\u0131lar Konseri&#8221; yo\u011fun bir kat\u0131l\u0131mla ger\u00e7ekle\u015ftirildi. Etkinlikte seslendirilen unutulmaz eserlerle Gazi Mustafa Kemal Atat\u00fcrk bir kez daha an\u0131ld\u0131.<\/p>\n<p>Denizli B\u00fcy\u00fck\u015fehir Belediyesi Konservatuvar\u0131 T\u00fcrk M\u00fczi\u011fi Toplulu\u011fu taraf\u0131ndan seslendirilen ve Atat\u00fcrk\u2019\u00fcn Denizli\u2019ye geli\u015finin an\u0131s\u0131na d\u00fczenlenen &#8220;Atat\u00fcrk\u2019\u00fcn Sevdi\u011fi \u015eark\u0131lar Konseri&#8221;, Nihat Zeybekci Kongre ve K\u00fclt\u00fcr Merkezi\u2019nde ger\u00e7ekle\u015ftirildi. Programa Denizli Valisi \u00d6mer Faruk Co\u015fkun, Milletvekili \u015eeref Arpac\u0131, Denizli B\u00fcy\u00fck\u015fehir Belediye Ba\u015fkan\u0131 B\u00fclent Nuri \u00c7avu\u015fo\u011flu, Ba\u015fkanvekili Ali Mar\u0131m, CHP \u0130l Ba\u015fkan\u0131 Ali Osman Horzum \u00e7ok say\u0131da davetli ve vatanda\u015flar kat\u0131ld\u0131. \u015eef Ahmet Nuri \u00c7a\u011fda\u015f y\u00f6netimindeki konserde, Ulu \u00d6nder Mustafa Kemal Atat\u00fcrk\u2019\u00fcn en sevdi\u011fi \u015fark\u0131lar seslendirildi. Denizlililerin yo\u011fun ilgi g\u00f6sterdi\u011fi gecede duygusal anlar ya\u015fan\u0131rken Vali Co\u015fkun ve Ba\u015fkan \u00c7avu\u015fo\u011flu program\u0131n sonunda \u015eef Ahmet Nuri \u00c7a\u011fda\u015f\u2019a plaketini takdim etti.<\/p>\n<p>&#8220;Atat\u00fcrk\u2019\u00fcn a\u00e7t\u0131\u011f\u0131 yol bize k\u0131lavuzluk ediyor&#8221;<br \/>\n<br \/>Program\u0131n a\u00e7\u0131l\u0131\u015f konu\u015fmas\u0131n\u0131 ger\u00e7ekle\u015ftiren Denizli B\u00fcy\u00fck\u015fehir Belediye Ba\u015fkan\u0131 B\u00fclent Nuri \u00c7avu\u015fo\u011flu g\u00fcn\u00fcn anlam ve \u00f6nemine de\u011finerek, Gazi Mustafa Kemal Atat\u00fcrk\u2019\u00fcn a\u00e7t\u0131\u011f\u0131 yolda, g\u00f6sterdi\u011fi hedefe hi\u00e7 durmadan y\u00fcr\u00fcyeceklerini kaydetti. Ba\u015fkan \u00c7avu\u015fo\u011flu konu\u015fmas\u0131nda, &#8220;Bu g\u00fcn\u00fcn bizim i\u00e7in \u00e7ok b\u00fcy\u00fck bir anlam\u0131 var. D\u00fcnyan\u0131n hi\u00e7bir \u00fclkesine nasip olmayan ve bir daha kar\u015f\u0131la\u015famayaca\u011f\u0131, k\u00fc\u00e7\u00fcc\u00fck geminin i\u00e7erisine koskocaman y\u00fcre\u011fini s\u0131\u011fd\u0131r\u0131p bu g\u00fczel \u00fclkeyi miras b\u0131rakarak bizlerin bu \u015fehirde, bu \u00fclkede birlikte ya\u015famas\u0131na vesile olan o b\u00fcy\u00fck insan\u0131n \u015fehrimize geldi\u011fi g\u00fcn\u00fc an\u0131yor olmak ger\u00e7ekten \u00e7ok \u00f6nemli. Bizler biliyoruz ki onun a\u00e7m\u0131\u015f oldu\u011fu yol, hepimize \u00f6nderlik ve k\u0131lavuzluk yapmaktad\u0131r. \u0130yi ki var olmu\u015f, iyi ki bu co\u011frafyada do\u011fmu\u015f, iyi ki bizim \u00f6nderimiz olmu\u015f, iyi ki bu \u00fclkede cumhuriyeti kurarak birlikte, karde\u015f\u00e7e, al bayra\u011f\u0131m\u0131z\u0131n alt\u0131nda, ezan\u0131m\u0131z\u0131n sesiyle ya\u015famay\u0131 bizlere nasip etmi\u015f&#8221; ifadelerini kulland\u0131.<br \/><\/p>\n","protected":false},"excerpt":{"rendered":"<p>Denizli B\u00fcy\u00fck\u015fehir Belediyesi taraf\u0131ndan Atat\u00fcrk\u2019\u00fcn Denizli\u2019ye geli\u015fi an\u0131s\u0131na d\u00fczenlenen &#8220;Atat\u00fcrk\u2019\u00fcn Sevdi\u011fi \u015eark\u0131lar Konseri&#8221; yo\u011fun bir kat\u0131l\u0131mla ger\u00e7ekle\u015ftirildi. Etkinlikte seslendirilen unutulmaz eserlerle Gazi Mustafa Kemal Atat\u00fcrk bir kez daha an\u0131ld\u0131. Denizli B\u00fcy\u00fck\u015fehir Belediyesi Konservatuvar\u0131 T\u00fcrk M\u00fczi\u011fi Toplulu\u011fu taraf\u0131ndan seslendirilen ve Atat\u00fcrk\u2019\u00fcn Denizli\u2019ye geli\u015finin an\u0131s\u0131na d\u00fczenlenen &#8220;Atat\u00fcrk\u2019\u00fcn Sevdi\u011fi \u015eark\u0131lar Konseri&#8221;, Nihat Zeybekci Kongre ve K\u00fclt\u00fcr Merkezi\u2019nde ger\u00e7ekle\u015ftirildi&#8230;.<\/p>\n","protected":false},"author":1,"featured_media":15917,"comment_status":"open","ping_status":"open","sticky":false,"template":"","format":"standard","meta":{"_crdt_document":"","footnotes":""},"categories":[1],"tags":[],"class_list":["post-15916","post","type-post","status-publish","format-standard","has-post-thumbnail","hentry","category-guncel"],"_links":{"self":[{"href":"https:\/\/www.egemtv.com\/index.php?rest_route=\/wp\/v2\/posts\/15916","targetHints":{"allow":["GET"]}}],"collection":[{"href":"https:\/\/www.egemtv.com\/index.php?rest_route=\/wp\/v2\/posts"}],"about":[{"href":"https:\/\/www.egemtv.com\/index.php?rest_route=\/wp\/v2\/types\/post"}],"author":[{"embeddable":true,"href":"https:\/\/www.egemtv.com\/index.php?rest_route=\/wp\/v2\/users\/1"}],"replies":[{"embeddable":true,"href":"https:\/\/www.egemtv.com\/index.php?rest_route=%2Fwp%2Fv2%2Fcomments&post=15916"}],"version-history":[{"count":1,"href":"https:\/\/www.egemtv.com\/index.php?rest_route=\/wp\/v2\/posts\/15916\/revisions"}],"predecessor-version":[{"id":15919,"href":"https:\/\/www.egemtv.com\/index.php?rest_route=\/wp\/v2\/posts\/15916\/revisions\/15919"}],"wp:featuredmedia":[{"embeddable":true,"href":"https:\/\/www.egemtv.com\/index.php?rest_route=\/wp\/v2\/media\/15917"}],"wp:attachment":[{"href":"https:\/\/www.egemtv.com\/index.php?rest_route=%2Fwp%2Fv2%2Fmedia&parent=15916"}],"wp:term":[{"taxonomy":"category","embeddable":true,"href":"https:\/\/www.egemtv.com\/index.php?rest_route=%2Fwp%2Fv2%2Fcategories&post=15916"},{"taxonomy":"post_tag","embeddable":true,"href":"https:\/\/www.egemtv.com\/index.php?rest_route=%2Fwp%2Fv2%2Ftags&post=15916"}],"curies":[{"name":"wp","href":"https:\/\/api.w.org\/{rel}","templated":true}]}}