{"id":15906,"date":"2025-02-05T17:38:59","date_gmt":"2025-02-05T14:38:59","guid":{"rendered":"https:\/\/www.egemtv.com\/?p=15906"},"modified":"2025-02-05T17:38:59","modified_gmt":"2025-02-05T14:38:59","slug":"silahli-saldirgani-kaymakam-korumasi-yakaladi-2","status":"publish","type":"post","link":"https:\/\/www.egemtv.com\/?p=15906","title":{"rendered":"Silahl\u0131 sald\u0131rgan\u0131 kaymakam korumas\u0131 yakalad\u0131"},"content":{"rendered":"<p>\u0130zmir\u2019de erkek kuaf\u00f6r\u00fcnde \u00e7\u0131kan silahl\u0131 \u00e7at\u0131\u015fmada sald\u0131rgan, kaymakam korumas\u0131 taraf\u0131ndan k\u0131sk\u0131vrak yakaland\u0131.<br \/>\n<br \/>Film sahnelerini aratmayan olay, Urla il\u00e7esi Alt\u0131nta\u015f Mahallesi Zafer Caddesi \u00fczerindeki bir erkek kuaf\u00f6r\u00fcn\u00fcn \u00f6n\u00fcnde meydana geldi. Edinilen bilgiye g\u00f6re, husumetli oldu\u011fu iddia edilen \u015e.C. (21) ile B.B. (17) bilinmeyen sebepten dolay\u0131 tart\u0131\u015fmaya ba\u015flad\u0131. B\u00fcy\u00fcyen tart\u0131\u015fma kavgaya d\u00f6nd\u00fc. Kavga s\u0131ras\u0131nda B.B., S.\u00c7.\u2019yi silahla vurup olay yerinden ka\u00e7maya ba\u015flad\u0131. \u00c7evredeki vatanda\u015flar ise 112 Acil \u00c7a\u011fr\u0131 Merkezi\u2019ni arayarak ihbarda bulundu. Yaral\u0131 vatanda\u015f ambulansla hastaneye kald\u0131r\u0131ld\u0131. Bu s\u0131rada olay yerinde bulunan kaymakaml\u0131k koruma personeli ve \u0130l\u00e7e Emniyet M\u00fcd\u00fcrl\u00fc\u011f\u00fc ekipleri ka\u00e7maya \u00e7al\u0131\u015fan sald\u0131rgan\u0131 k\u0131sk\u0131vrak yakalad\u0131. G\u00f6zalt\u0131na al\u0131nan \u015f\u00fcpheli adli i\u015flemler i\u00e7in karakola g\u00f6t\u00fcr\u00fcld\u00fc. \u00d6te yandan \u015e\u00fcpheli B.B.\u2019nin \u00e7\u0131kar\u0131lm\u0131\u015f oldu\u011fu adli makamlarca tutukland\u0131\u011f\u0131 ifade edildi.<br \/><\/p>\n","protected":false},"excerpt":{"rendered":"<p>\u0130zmir\u2019de erkek kuaf\u00f6r\u00fcnde \u00e7\u0131kan silahl\u0131 \u00e7at\u0131\u015fmada sald\u0131rgan, kaymakam korumas\u0131 taraf\u0131ndan k\u0131sk\u0131vrak yakaland\u0131. Film sahnelerini aratmayan olay, Urla il\u00e7esi Alt\u0131nta\u015f Mahallesi Zafer Caddesi \u00fczerindeki bir erkek kuaf\u00f6r\u00fcn\u00fcn \u00f6n\u00fcnde meydana geldi. Edinilen bilgiye g\u00f6re, husumetli oldu\u011fu iddia edilen \u015e.C. (21) ile B.B. (17) bilinmeyen sebepten dolay\u0131 tart\u0131\u015fmaya ba\u015flad\u0131. B\u00fcy\u00fcyen tart\u0131\u015fma kavgaya d\u00f6nd\u00fc. Kavga s\u0131ras\u0131nda B.B., S.\u00c7.\u2019yi silahla&#8230;<\/p>\n","protected":false},"author":1,"featured_media":15907,"comment_status":"open","ping_status":"open","sticky":false,"template":"","format":"standard","meta":{"_crdt_document":"","footnotes":""},"categories":[5],"tags":[],"class_list":["post-15906","post","type-post","status-publish","format-standard","has-post-thumbnail","hentry","category-asayis"],"_links":{"self":[{"href":"https:\/\/www.egemtv.com\/index.php?rest_route=\/wp\/v2\/posts\/15906","targetHints":{"allow":["GET"]}}],"collection":[{"href":"https:\/\/www.egemtv.com\/index.php?rest_route=\/wp\/v2\/posts"}],"about":[{"href":"https:\/\/www.egemtv.com\/index.php?rest_route=\/wp\/v2\/types\/post"}],"author":[{"embeddable":true,"href":"https:\/\/www.egemtv.com\/index.php?rest_route=\/wp\/v2\/users\/1"}],"replies":[{"embeddable":true,"href":"https:\/\/www.egemtv.com\/index.php?rest_route=%2Fwp%2Fv2%2Fcomments&post=15906"}],"version-history":[{"count":1,"href":"https:\/\/www.egemtv.com\/index.php?rest_route=\/wp\/v2\/posts\/15906\/revisions"}],"predecessor-version":[{"id":15909,"href":"https:\/\/www.egemtv.com\/index.php?rest_route=\/wp\/v2\/posts\/15906\/revisions\/15909"}],"wp:featuredmedia":[{"embeddable":true,"href":"https:\/\/www.egemtv.com\/index.php?rest_route=\/wp\/v2\/media\/15907"}],"wp:attachment":[{"href":"https:\/\/www.egemtv.com\/index.php?rest_route=%2Fwp%2Fv2%2Fmedia&parent=15906"}],"wp:term":[{"taxonomy":"category","embeddable":true,"href":"https:\/\/www.egemtv.com\/index.php?rest_route=%2Fwp%2Fv2%2Fcategories&post=15906"},{"taxonomy":"post_tag","embeddable":true,"href":"https:\/\/www.egemtv.com\/index.php?rest_route=%2Fwp%2Fv2%2Ftags&post=15906"}],"curies":[{"name":"wp","href":"https:\/\/api.w.org\/{rel}","templated":true}]}}