{"id":15902,"date":"2025-02-05T17:19:42","date_gmt":"2025-02-05T14:19:42","guid":{"rendered":"https:\/\/www.egemtv.com\/?p=15902"},"modified":"2025-02-05T17:19:47","modified_gmt":"2025-02-05T14:19:47","slug":"kusadasinda-viraji-alamayan-tir-tarlaya-uctu-1-olu-3-yarali","status":"publish","type":"post","link":"https:\/\/www.egemtv.com\/?p=15902","title":{"rendered":"Ku\u015fadas\u0131\u2019nda viraj\u0131 alamayan t\u0131r tarlaya u\u00e7tu: 1 \u00f6l\u00fc, 3 yaral\u0131"},"content":{"rendered":"<p>Ayd\u0131n\u2019\u0131n Ku\u015fadas\u0131 il\u00e7esinde keskin viraj\u0131 alamayan yem y\u00fckl\u00fc t\u0131r\u0131n devrilmesi sonucu meydana gelen kazada 1 ki\u015fi \u00f6ld\u00fc, 3 ki\u015fi yaraland\u0131. Hayat\u0131n\u0131 kaybeden ki\u015finin cans\u0131z bedeninin ara\u00e7tan \u00e7\u0131kar\u0131lma \u00e7al\u0131\u015fmalar\u0131 devam ediyor.<br \/>\n<br \/>Kaza, Ku\u015fadas\u0131 il\u00e7esi Yenik\u00f6y yolu \u00fczerinde meydana geldi. Edinilen bilgiye g\u00f6re, Ku\u015fadas\u0131 y\u00f6n\u00fcne giden 35 E 4158 plakal\u0131 yem y\u00fckl\u00fc t\u0131r, keskin virajda kontrolden \u00e7\u0131k\u0131p yol kenar\u0131ndaki tarlaya u\u00e7tu. Kazay\u0131 g\u00f6renler durumu 112 Acil \u00c7a\u011fr\u0131 Merkezi\u2019ne bildirdi. \u0130hbar \u00fczerine b\u00f6lgeye polis, itfaiye ve sa\u011fl\u0131k ekipleri sevk edildi. K\u0131sa s\u00fcrede olay yerine gelen ekipler, ara\u00e7ta s\u0131k\u0131\u015fan yaral\u0131lar\u0131 kurtarma \u00e7al\u0131\u015fmas\u0131 ba\u015flatt\u0131. B\u00f6lgede \u00e7al\u0131\u015fmalar s\u00fcrerken, 3 ki\u015fi kurtar\u0131larak sa\u011fl\u0131k ekiplerine teslim edildi. Hayat\u0131n\u0131 kaybetti\u011fi belirlenen 1 ki\u015finin cans\u0131z bedenini ara\u00e7tan \u00e7\u0131karma \u00e7al\u0131\u015fmalar\u0131 s\u00fcr\u00fcyor.<br \/><\/p>\n","protected":false},"excerpt":{"rendered":"<p>Ayd\u0131n\u2019\u0131n Ku\u015fadas\u0131 il\u00e7esinde keskin viraj\u0131 alamayan yem y\u00fckl\u00fc t\u0131r\u0131n devrilmesi sonucu meydana gelen kazada 1 ki\u015fi \u00f6ld\u00fc, 3 ki\u015fi yaraland\u0131. Hayat\u0131n\u0131 kaybeden ki\u015finin cans\u0131z bedeninin ara\u00e7tan \u00e7\u0131kar\u0131lma \u00e7al\u0131\u015fmalar\u0131 devam ediyor. Kaza, Ku\u015fadas\u0131 il\u00e7esi Yenik\u00f6y yolu \u00fczerinde meydana geldi. Edinilen bilgiye g\u00f6re, Ku\u015fadas\u0131 y\u00f6n\u00fcne giden 35 E 4158 plakal\u0131 yem y\u00fckl\u00fc t\u0131r, keskin virajda kontrolden \u00e7\u0131k\u0131p&#8230;<\/p>\n","protected":false},"author":1,"featured_media":15903,"comment_status":"open","ping_status":"open","sticky":false,"template":"","format":"standard","meta":{"_crdt_document":"","footnotes":""},"categories":[5],"tags":[],"class_list":["post-15902","post","type-post","status-publish","format-standard","has-post-thumbnail","hentry","category-asayis"],"_links":{"self":[{"href":"https:\/\/www.egemtv.com\/index.php?rest_route=\/wp\/v2\/posts\/15902","targetHints":{"allow":["GET"]}}],"collection":[{"href":"https:\/\/www.egemtv.com\/index.php?rest_route=\/wp\/v2\/posts"}],"about":[{"href":"https:\/\/www.egemtv.com\/index.php?rest_route=\/wp\/v2\/types\/post"}],"author":[{"embeddable":true,"href":"https:\/\/www.egemtv.com\/index.php?rest_route=\/wp\/v2\/users\/1"}],"replies":[{"embeddable":true,"href":"https:\/\/www.egemtv.com\/index.php?rest_route=%2Fwp%2Fv2%2Fcomments&post=15902"}],"version-history":[{"count":1,"href":"https:\/\/www.egemtv.com\/index.php?rest_route=\/wp\/v2\/posts\/15902\/revisions"}],"predecessor-version":[{"id":15904,"href":"https:\/\/www.egemtv.com\/index.php?rest_route=\/wp\/v2\/posts\/15902\/revisions\/15904"}],"wp:featuredmedia":[{"embeddable":true,"href":"https:\/\/www.egemtv.com\/index.php?rest_route=\/wp\/v2\/media\/15903"}],"wp:attachment":[{"href":"https:\/\/www.egemtv.com\/index.php?rest_route=%2Fwp%2Fv2%2Fmedia&parent=15902"}],"wp:term":[{"taxonomy":"category","embeddable":true,"href":"https:\/\/www.egemtv.com\/index.php?rest_route=%2Fwp%2Fv2%2Fcategories&post=15902"},{"taxonomy":"post_tag","embeddable":true,"href":"https:\/\/www.egemtv.com\/index.php?rest_route=%2Fwp%2Fv2%2Ftags&post=15902"}],"curies":[{"name":"wp","href":"https:\/\/api.w.org\/{rel}","templated":true}]}}