{"id":15899,"date":"2025-02-05T17:19:36","date_gmt":"2025-02-05T14:19:36","guid":{"rendered":"https:\/\/www.egemtv.com\/?p=15899"},"modified":"2025-02-05T17:19:41","modified_gmt":"2025-02-05T14:19:41","slug":"gubre-dagiticisi-ve-uretim-yerlerine-yonelik-denetim","status":"publish","type":"post","link":"https:\/\/www.egemtv.com\/?p=15899","title":{"rendered":"G\u00fcbre da\u011f\u0131t\u0131c\u0131s\u0131 ve \u00fcretim yerlerine y\u00f6nelik denetim"},"content":{"rendered":"<p>Afyonkarahisar\u2019da g\u00fcbre da\u011f\u0131t\u0131c\u0131s\u0131 ve \u00fcretim yerlerine y\u00f6nelik denetim ger\u00e7ekle\u015ftirildi.<br \/>\n<br \/>Yap\u0131lan denetimlerle ilgili Tar\u0131m ve Orman \u0130l M\u00fcd\u00fcrl\u00fc\u011f\u00fc\u2019nden yaz\u0131l\u0131 bir a\u00e7\u0131klama yap\u0131ld\u0131. A\u00e7\u0131klamada, &#8220;\u0130l ve il\u00e7e m\u00fcd\u00fcrl\u00fcklerimizce \u2019Tar\u0131mda Kullan\u0131lan G\u00fcbrelerin Piyasa G\u00f6zetimi ve Denetimi Y\u00f6netmeli\u011fi\u2019 \u00e7er\u00e7evesinde, \u00e7ift\u00e7ilerimizin g\u00fcvenilir g\u00fcbreye eri\u015fimini temin etmek amac\u0131yla \u00fclkemiz genelinde e\u015f zamanl\u0131 olarak yap\u0131lan g\u00fcbre da\u011f\u0131t\u0131c\u0131s\u0131 ve \u00fcretim yerlerinin denetimleri ger\u00e7ekle\u015ftirilmi\u015ftir&#8221; ifadelerine yer verildi.<br \/><\/p>\n","protected":false},"excerpt":{"rendered":"<p>Afyonkarahisar\u2019da g\u00fcbre da\u011f\u0131t\u0131c\u0131s\u0131 ve \u00fcretim yerlerine y\u00f6nelik denetim ger\u00e7ekle\u015ftirildi. Yap\u0131lan denetimlerle ilgili Tar\u0131m ve Orman \u0130l M\u00fcd\u00fcrl\u00fc\u011f\u00fc\u2019nden yaz\u0131l\u0131 bir a\u00e7\u0131klama yap\u0131ld\u0131. A\u00e7\u0131klamada, &#8220;\u0130l ve il\u00e7e m\u00fcd\u00fcrl\u00fcklerimizce \u2019Tar\u0131mda Kullan\u0131lan G\u00fcbrelerin Piyasa G\u00f6zetimi ve Denetimi Y\u00f6netmeli\u011fi\u2019 \u00e7er\u00e7evesinde, \u00e7ift\u00e7ilerimizin g\u00fcvenilir g\u00fcbreye eri\u015fimini temin etmek amac\u0131yla \u00fclkemiz genelinde e\u015f zamanl\u0131 olarak yap\u0131lan g\u00fcbre da\u011f\u0131t\u0131c\u0131s\u0131 ve \u00fcretim yerlerinin denetimleri ger\u00e7ekle\u015ftirilmi\u015ftir&#8221;&#8230;<\/p>\n","protected":false},"author":1,"featured_media":15900,"comment_status":"open","ping_status":"open","sticky":false,"template":"","format":"standard","meta":{"_crdt_document":"","footnotes":""},"categories":[1],"tags":[],"class_list":["post-15899","post","type-post","status-publish","format-standard","has-post-thumbnail","hentry","category-guncel"],"_links":{"self":[{"href":"https:\/\/www.egemtv.com\/index.php?rest_route=\/wp\/v2\/posts\/15899","targetHints":{"allow":["GET"]}}],"collection":[{"href":"https:\/\/www.egemtv.com\/index.php?rest_route=\/wp\/v2\/posts"}],"about":[{"href":"https:\/\/www.egemtv.com\/index.php?rest_route=\/wp\/v2\/types\/post"}],"author":[{"embeddable":true,"href":"https:\/\/www.egemtv.com\/index.php?rest_route=\/wp\/v2\/users\/1"}],"replies":[{"embeddable":true,"href":"https:\/\/www.egemtv.com\/index.php?rest_route=%2Fwp%2Fv2%2Fcomments&post=15899"}],"version-history":[{"count":1,"href":"https:\/\/www.egemtv.com\/index.php?rest_route=\/wp\/v2\/posts\/15899\/revisions"}],"predecessor-version":[{"id":15901,"href":"https:\/\/www.egemtv.com\/index.php?rest_route=\/wp\/v2\/posts\/15899\/revisions\/15901"}],"wp:featuredmedia":[{"embeddable":true,"href":"https:\/\/www.egemtv.com\/index.php?rest_route=\/wp\/v2\/media\/15900"}],"wp:attachment":[{"href":"https:\/\/www.egemtv.com\/index.php?rest_route=%2Fwp%2Fv2%2Fmedia&parent=15899"}],"wp:term":[{"taxonomy":"category","embeddable":true,"href":"https:\/\/www.egemtv.com\/index.php?rest_route=%2Fwp%2Fv2%2Fcategories&post=15899"},{"taxonomy":"post_tag","embeddable":true,"href":"https:\/\/www.egemtv.com\/index.php?rest_route=%2Fwp%2Fv2%2Ftags&post=15899"}],"curies":[{"name":"wp","href":"https:\/\/api.w.org\/{rel}","templated":true}]}}