{"id":15890,"date":"2025-02-05T17:02:50","date_gmt":"2025-02-05T14:02:50","guid":{"rendered":"https:\/\/www.egemtv.com\/?p=15890"},"modified":"2025-02-05T17:02:55","modified_gmt":"2025-02-05T14:02:55","slug":"turgutlu-belediyesi-subat-ayi-meclis-toplantisi-gerceklesti","status":"publish","type":"post","link":"https:\/\/www.egemtv.com\/?p=15890","title":{"rendered":"Turgutlu Belediyesi \u015fubat ay\u0131 meclis toplant\u0131s\u0131 ger\u00e7ekle\u015fti"},"content":{"rendered":"<p>Turgutlu Belediyesi \u015eubat Ay\u0131 Meclis Toplant\u0131s\u0131, Turgutlu Belediye Ba\u015fkan\u0131 \u00c7etin Ak\u0131n\u2019\u0131n ba\u015fkanl\u0131\u011f\u0131nda yap\u0131ld\u0131. \u015eubat Ay\u0131 Meclis Toplant\u0131s\u0131nda 1 ek g\u00fcndem maddesi ile birlikte toplam 7 madde g\u00f6r\u00fc\u015f\u00fcl\u00fcp karara ba\u011fland\u0131.<br \/>\n<br \/>\u015eubat Ay\u0131 Meclis Toplant\u0131s\u0131 Ba\u015fkan \u00c7etin Ak\u0131n\u2019\u0131n a\u00e7\u0131l\u0131\u015f konu\u015fmas\u0131yla ba\u015flad\u0131. Ba\u015fkan \u00c7etin Ak\u0131n konu\u015fmas\u0131nda 6 \u015eubat 2023 tarihinde Kahramanmara\u015f\u2019ta meydana gelen ve 11 ilde felakete yol a\u00e7an depremde hayat\u0131n\u0131 kaybedenleri \u015fu s\u00f6zlerle and\u0131: &#8220;6 \u015eubat 2023\u2019te, asr\u0131n felaketi olarak tarihe ge\u00e7en ve hepimizin y\u00fcre\u011fini derinden sarsan b\u00fcy\u00fck bir felaketle kar\u015f\u0131la\u015ft\u0131k. Kahramanmara\u015f merkezli, Cumhuriyet tarihimizin en b\u00fcy\u00fck ve en y\u0131k\u0131c\u0131 depremlerinden biriyle, 50 binden fazla yurtta\u015f\u0131m\u0131z\u0131 kaybettik. Ailesini, sevdiklerini kaybeden, evlerini terk eden, ocaklar\u0131 s\u00f6nen yurtta\u015flar\u0131m\u0131z\u0131n ac\u0131s\u0131 bizlerin de ac\u0131s\u0131 oldu. Y\u0131k\u0131m\u0131n b\u00fcy\u00fckl\u00fc\u011f\u00fc kelimelerle anlat\u0131lmayacak kadar derin. Ancak bu ac\u0131y\u0131 birlikte ya\u015fad\u0131k, birlikte a\u011flad\u0131k ve birlikte g\u00fc\u00e7l\u00fc kald\u0131k. Depremin ilk an\u0131ndan itibaren, yard\u0131mla\u015fma ve dayan\u0131\u015fman\u0131n en g\u00fczel \u00f6rne\u011fini hem\u015fehrilerimiz ile birlikte g\u00f6stererek, yaralar\u0131n sar\u0131lmas\u0131 i\u00e7in elimizden gelen her \u015feyi yapmaya koyulduk. Hem maddi hem manevi deste\u011fimizi esirgemedik. Bu b\u00fcy\u00fck felaketin yaralar\u0131 hala sar\u0131l\u0131yorken, kaybetti\u011fimiz canlar\u0131m\u0131z\u0131 asla unutmayaca\u011f\u0131z. Onlar\u0131n hat\u0131ras\u0131, bizlere daha g\u00fc\u00e7l\u00fc olmay\u0131 ve birlikte hareket etmeyi hat\u0131rlatacak. Hayat\u0131n\u0131 kaybeden t\u00fcm vatanda\u015flar\u0131m\u0131za Allah\u2019tan rahmet diliyor, yak\u0131nlar\u0131na sab\u0131r ve ba\u015fsa\u011fl\u0131\u011f\u0131 temenni ediyorum.&#8221;<br \/>\n<br \/>Ba\u015fkan \u00c7etin Ak\u0131n konu\u015fmas\u0131nda, T\u00fcrk Silahl\u0131 Kuvvetleri\u2019nden ihra\u00e7 edilen te\u011fmenler ile ilgili d\u00fc\u015f\u00fcncelerini \u015fu s\u00f6zlerle payla\u015ft\u0131: &#8220;Be\u015f te\u011fmenimiz, haks\u0131z ve hukuksuz bir \u015fekilde T\u00fcrk Silahl\u0131 Kuvvetleri\u2019nden ihra\u00e7 edildi. Disiplin soru\u015fturmas\u0131 bahanesiyle verilen bu karar, yaln\u0131zca bu gen\u00e7 subaylara de\u011fil, Mustafa Kemal Atat\u00fcrk\u2019\u00fcn ilke ve devrimlerine ve Cumhuriyet\u2019in temel de\u011ferlerine verilmi\u015f bir karard\u0131r. Bu vatan\u0131n \u00f6z evlatlar\u0131; yeminlerini ettiler, k\u0131l\u0131\u00e7lar\u0131n\u0131 kald\u0131rd\u0131lar, Cumhuriyet\u2019e ve Atat\u00fcrk ilke ve ink\u0131laplar\u0131na ba\u011fl\u0131 kalacaklar\u0131n\u0131 t\u00fcm d\u00fcnyaya hayk\u0131rd\u0131lar. Ancak g\u00f6r\u00fcyoruz ki, T\u00fcrkiye Cumhuriyeti\u2019nin kurucu de\u011ferlerine ba\u011fl\u0131 olmak bug\u00fcn bir su\u00e7mu\u015f gibi g\u00f6sterilmek isteniyor. \u0130hra\u00e7 edilen te\u011fmenlerimizin yan\u0131nday\u0131z. Ya\u015fas\u0131n Cumhuriyet, ya\u015fas\u0131n Mustafa Kemal\u2019in Askerleri!&#8221;<br \/>\n<br \/>Ba\u015fkan Ak\u0131n, konu\u015fmas\u0131nda son zamanlarda muhaliflere y\u00f6nelik art\u0131\u015f g\u00f6steren g\u00f6zalt\u0131lar, tutuklamalar ve hukuksuz uygulamalarla ile ilgili d\u00fc\u015f\u00fcncelerine de yer verdi. Berat Kandilleri ile H\u0131z\u0131r Orucu vesilesiyle edilecek b\u00fct\u00fcn dua ve ibadetlerin kabul olmas\u0131n\u0131 da diledi.<br \/>\n<br \/>Turgutlu Belediyesi \u015eubat Ay\u0131 Meclis Toplant\u0131s\u0131 g\u00fcndemin yedinci ve son maddesi olan dilek ve temenniler b\u00f6l\u00fcm\u00fcn\u00fcn ard\u0131ndan sona erdi.<br \/><\/p>\n","protected":false},"excerpt":{"rendered":"<p>Turgutlu Belediyesi \u015eubat Ay\u0131 Meclis Toplant\u0131s\u0131, Turgutlu Belediye Ba\u015fkan\u0131 \u00c7etin Ak\u0131n\u2019\u0131n ba\u015fkanl\u0131\u011f\u0131nda yap\u0131ld\u0131. \u015eubat Ay\u0131 Meclis Toplant\u0131s\u0131nda 1 ek g\u00fcndem maddesi ile birlikte toplam 7 madde g\u00f6r\u00fc\u015f\u00fcl\u00fcp karara ba\u011fland\u0131. \u015eubat Ay\u0131 Meclis Toplant\u0131s\u0131 Ba\u015fkan \u00c7etin Ak\u0131n\u2019\u0131n a\u00e7\u0131l\u0131\u015f konu\u015fmas\u0131yla ba\u015flad\u0131. Ba\u015fkan \u00c7etin Ak\u0131n konu\u015fmas\u0131nda 6 \u015eubat 2023 tarihinde Kahramanmara\u015f\u2019ta meydana gelen ve 11 ilde felakete yol&#8230;<\/p>\n","protected":false},"author":1,"featured_media":15891,"comment_status":"open","ping_status":"open","sticky":false,"template":"","format":"standard","meta":{"_crdt_document":"","footnotes":""},"categories":[127],"tags":[],"class_list":["post-15890","post","type-post","status-publish","format-standard","has-post-thumbnail","hentry","category-siyaset"],"_links":{"self":[{"href":"https:\/\/www.egemtv.com\/index.php?rest_route=\/wp\/v2\/posts\/15890","targetHints":{"allow":["GET"]}}],"collection":[{"href":"https:\/\/www.egemtv.com\/index.php?rest_route=\/wp\/v2\/posts"}],"about":[{"href":"https:\/\/www.egemtv.com\/index.php?rest_route=\/wp\/v2\/types\/post"}],"author":[{"embeddable":true,"href":"https:\/\/www.egemtv.com\/index.php?rest_route=\/wp\/v2\/users\/1"}],"replies":[{"embeddable":true,"href":"https:\/\/www.egemtv.com\/index.php?rest_route=%2Fwp%2Fv2%2Fcomments&post=15890"}],"version-history":[{"count":1,"href":"https:\/\/www.egemtv.com\/index.php?rest_route=\/wp\/v2\/posts\/15890\/revisions"}],"predecessor-version":[{"id":15892,"href":"https:\/\/www.egemtv.com\/index.php?rest_route=\/wp\/v2\/posts\/15890\/revisions\/15892"}],"wp:featuredmedia":[{"embeddable":true,"href":"https:\/\/www.egemtv.com\/index.php?rest_route=\/wp\/v2\/media\/15891"}],"wp:attachment":[{"href":"https:\/\/www.egemtv.com\/index.php?rest_route=%2Fwp%2Fv2%2Fmedia&parent=15890"}],"wp:term":[{"taxonomy":"category","embeddable":true,"href":"https:\/\/www.egemtv.com\/index.php?rest_route=%2Fwp%2Fv2%2Fcategories&post=15890"},{"taxonomy":"post_tag","embeddable":true,"href":"https:\/\/www.egemtv.com\/index.php?rest_route=%2Fwp%2Fv2%2Ftags&post=15890"}],"curies":[{"name":"wp","href":"https:\/\/api.w.org\/{rel}","templated":true}]}}