{"id":15884,"date":"2025-02-05T16:41:14","date_gmt":"2025-02-05T13:41:14","guid":{"rendered":"https:\/\/www.egemtv.com\/?p=15884"},"modified":"2025-02-05T16:41:20","modified_gmt":"2025-02-05T13:41:20","slug":"ziraat-turkiye-kupasi-bodrum-fk-2-antalyaspor-0-ilk-yari","status":"publish","type":"post","link":"https:\/\/www.egemtv.com\/?p=15884","title":{"rendered":"Ziraat T\u00fcrkiye Kupas\u0131: Bodrum FK:  2 &#8211; Antalyaspor: 0 (\u0130lk yar\u0131)"},"content":{"rendered":"<p>Ziraat T\u00fcrkiye Kupas\u0131 D Grubu 2. haftas\u0131nda Bodrum FK, Antalyaspor\u2019u konuk ediyor. M\u00fcsabakan\u0131n ilk yar\u0131s\u0131n\u0131 Bodrum FK, 2-0 \u00f6nde tamamlad\u0131.<\/p>\n<p>Hakemler Abdullah Bu\u011fra Ta\u015fk\u0131nsoy, Abdulllah Bora \u00d6zkara, Kadir Beyaz<br \/>\n<br \/>Bodrum FK: G\u00f6khan Akkan, \u00dczeyir Erg\u00fcn, Christopher Herelle, Ali Aytemur, Cenk \u015een, Enis Bardhi, Fredy, Ahmet Aslan, Zdravko Dimitrov, George Puscas, G\u00f6kdeniz Bayrakdar<br \/>\n<br \/>Yedekler: Diogo Sousa, Ondrej Celustka, Erkan De\u011fi\u015fmez, Taylan Antalyal\u0131, Pedro Brazao, Celal Dumanl\u0131, Enes \u00d6\u011fr\u00fcce, Yusuf Sertkaya, Jonathan Okita, Ege Bilsel<br \/>\n<br \/>Teknik Sorumlu: Serdar \u00d6zdemir<br \/>\n<br \/>Antalyaspor: Abdullah Yi\u011fiter, Amar Gerxhaliu, Emrecan Uzunhan, Mert Y\u0131lmaz, Abdurrahim Dursun, Thalisson Kelven, Moussa Djenepo, Oleksandr Petrusenko, Andros Townsend, Ramzi Safuri, Adolfo Gaich<br \/>\n<br \/>Yedekler: Do\u011fukan \u00d6zkan, Bahad\u0131r \u00d6zt\u00fcrk, B\u00fcnyamin Balc\u0131, G\u00fcray Vural, Veysel Sar\u0131, Jakub Kaluzinski, Sander Van de Streek, Berkay Topdemir, Sam Larsson, Braian Samudio.<br \/>\n<br \/>Teknik Direkt\u00f6r: Emre Bel\u00f6zo\u011flu<br \/>\n<br \/>Goller: G\u00f6kdeniz Bayraktar (dk. 6) (Bodrum FK), Dimitrov (dk. 11) (Bodrum FK)<br \/>\n<br \/>Sar\u0131 kartlar: Safuri, Petrusenko (Antalyaspor), Fredy (Bodrum FK)<br \/><\/p>\n","protected":false},"excerpt":{"rendered":"<p>Ziraat T\u00fcrkiye Kupas\u0131 D Grubu 2. haftas\u0131nda Bodrum FK, Antalyaspor\u2019u konuk ediyor. M\u00fcsabakan\u0131n ilk yar\u0131s\u0131n\u0131 Bodrum FK, 2-0 \u00f6nde tamamlad\u0131. Hakemler Abdullah Bu\u011fra Ta\u015fk\u0131nsoy, Abdulllah Bora \u00d6zkara, Kadir Beyaz Bodrum FK: G\u00f6khan Akkan, \u00dczeyir Erg\u00fcn, Christopher Herelle, Ali Aytemur, Cenk \u015een, Enis Bardhi, Fredy, Ahmet Aslan, Zdravko Dimitrov, George Puscas, G\u00f6kdeniz Bayrakdar Yedekler: Diogo Sousa,&#8230;<\/p>\n","protected":false},"author":1,"featured_media":15885,"comment_status":"open","ping_status":"open","sticky":false,"template":"","format":"standard","meta":{"_crdt_document":"","footnotes":""},"categories":[4],"tags":[],"class_list":["post-15884","post","type-post","status-publish","format-standard","has-post-thumbnail","hentry","category-spor"],"_links":{"self":[{"href":"https:\/\/www.egemtv.com\/index.php?rest_route=\/wp\/v2\/posts\/15884","targetHints":{"allow":["GET"]}}],"collection":[{"href":"https:\/\/www.egemtv.com\/index.php?rest_route=\/wp\/v2\/posts"}],"about":[{"href":"https:\/\/www.egemtv.com\/index.php?rest_route=\/wp\/v2\/types\/post"}],"author":[{"embeddable":true,"href":"https:\/\/www.egemtv.com\/index.php?rest_route=\/wp\/v2\/users\/1"}],"replies":[{"embeddable":true,"href":"https:\/\/www.egemtv.com\/index.php?rest_route=%2Fwp%2Fv2%2Fcomments&post=15884"}],"version-history":[{"count":1,"href":"https:\/\/www.egemtv.com\/index.php?rest_route=\/wp\/v2\/posts\/15884\/revisions"}],"predecessor-version":[{"id":15886,"href":"https:\/\/www.egemtv.com\/index.php?rest_route=\/wp\/v2\/posts\/15884\/revisions\/15886"}],"wp:featuredmedia":[{"embeddable":true,"href":"https:\/\/www.egemtv.com\/index.php?rest_route=\/wp\/v2\/media\/15885"}],"wp:attachment":[{"href":"https:\/\/www.egemtv.com\/index.php?rest_route=%2Fwp%2Fv2%2Fmedia&parent=15884"}],"wp:term":[{"taxonomy":"category","embeddable":true,"href":"https:\/\/www.egemtv.com\/index.php?rest_route=%2Fwp%2Fv2%2Fcategories&post=15884"},{"taxonomy":"post_tag","embeddable":true,"href":"https:\/\/www.egemtv.com\/index.php?rest_route=%2Fwp%2Fv2%2Ftags&post=15884"}],"curies":[{"name":"wp","href":"https:\/\/api.w.org\/{rel}","templated":true}]}}