{"id":15881,"date":"2025-02-05T16:39:11","date_gmt":"2025-02-05T13:39:11","guid":{"rendered":"https:\/\/www.egemtv.com\/?p=15881"},"modified":"2025-02-05T16:39:16","modified_gmt":"2025-02-05T13:39:16","slug":"yolda-yururken-park-halindeki-kamyonun-altinda-kaldi","status":"publish","type":"post","link":"https:\/\/www.egemtv.com\/?p=15881","title":{"rendered":"Yolda y\u00fcr\u00fcrken park halindeki kamyonun alt\u0131nda kald\u0131"},"content":{"rendered":"<p>Manisa\u2019n\u0131n Turgutlu il\u00e7esinde direksiyon hakimiyetini kaybeden hafifi ticari ara\u00e7 s\u00fcr\u00fcc\u00fcs\u00fc, yol kenar\u0131nda park halindeki kamyona \u00e7arpt\u0131. \u00c7arpman\u0131n etkisiyle kamyonun \u00f6n\u00fcnde yaya olarak bulunan bir ki\u015fi ve hafif ticari arac\u0131n s\u00fcr\u00fcc\u00fcs\u00fc yaraland\u0131. Kaza an\u0131 bir i\u015f yerinin g\u00fcvenlik kameras\u0131na yans\u0131d\u0131.<br \/>\n<br \/>Kaza, saat 13.30 s\u0131ralar\u0131nda Turgutlu Fatih Sanayi sitesi 107 Sokak \u00fczerinde meydana geldi. Adem Ayy\u0131ld\u0131z idaresindeki 45 ZA 1979 plakal\u0131 hafif ticari ara\u00e7, s\u00fcr\u00fcc\u00fcs\u00fcn\u00fcn direksiyon hakimiyetini kaybetmesi sonucu yol kenar\u0131nda park halindeki 45 DL 121 plakal\u0131 kamyona \u00e7arpt\u0131. \u00c7arpman\u0131n etkisiyle h\u0131zla yerinden hareket eden kamyon ise o s\u0131rada yaya olan ve kazadan ka\u00e7maya \u00e7al\u0131\u015fan \u015e\u00fckr\u00fc Ertan\u2019a \u00e7arpt\u0131. Vatanda\u015flar\u0131n ihbar\u0131 \u00fczerine olay yerine sa\u011fl\u0131k, itfaiye ve polis ekipleri sevk edildi. Yaralanan hafif ticari ara\u00e7 s\u00fcr\u00fcc\u00fcs\u00fc Ayy\u0131ld\u0131z ve yaya Ertan sa\u011fl\u0131k ekiplerince Turgutlu Devlet Hastanesi\u2019ne kald\u0131r\u0131ld\u0131. Kazayla ilgili inceleme ba\u015flat\u0131ld\u0131.<br \/>\n<br \/>Kaza anlar\u0131 ise b\u00f6lgedeki bir i\u015f yerinin g\u00fcvenlik kameras\u0131na anbean yans\u0131d\u0131. G\u00f6r\u00fcnt\u00fclerde, kontrolden \u00e7\u0131kan hafif ticari arac\u0131n \u00fczerine do\u011fru geldi\u011fini g\u00f6ren yaya \u015e\u00fckr\u00fc Ertan\u2019\u0131n kamyonun \u00f6n\u00fcne saklanmaya \u00e7al\u0131\u015ft\u0131\u011f\u0131 bu esnada arac\u0131n \u00e7arpmas\u0131yla h\u0131zla yerinden hareket eden kamyonun alt\u0131nda kalarak yaraland\u0131\u011f\u0131 yer ald\u0131.<br \/><\/p>\n","protected":false},"excerpt":{"rendered":"<p>Manisa\u2019n\u0131n Turgutlu il\u00e7esinde direksiyon hakimiyetini kaybeden hafifi ticari ara\u00e7 s\u00fcr\u00fcc\u00fcs\u00fc, yol kenar\u0131nda park halindeki kamyona \u00e7arpt\u0131. \u00c7arpman\u0131n etkisiyle kamyonun \u00f6n\u00fcnde yaya olarak bulunan bir ki\u015fi ve hafif ticari arac\u0131n s\u00fcr\u00fcc\u00fcs\u00fc yaraland\u0131. Kaza an\u0131 bir i\u015f yerinin g\u00fcvenlik kameras\u0131na yans\u0131d\u0131. Kaza, saat 13.30 s\u0131ralar\u0131nda Turgutlu Fatih Sanayi sitesi 107 Sokak \u00fczerinde meydana geldi. Adem Ayy\u0131ld\u0131z idaresindeki&#8230;<\/p>\n","protected":false},"author":1,"featured_media":15882,"comment_status":"open","ping_status":"open","sticky":false,"template":"","format":"standard","meta":{"_crdt_document":"","footnotes":""},"categories":[5],"tags":[],"class_list":["post-15881","post","type-post","status-publish","format-standard","has-post-thumbnail","hentry","category-asayis"],"_links":{"self":[{"href":"https:\/\/www.egemtv.com\/index.php?rest_route=\/wp\/v2\/posts\/15881","targetHints":{"allow":["GET"]}}],"collection":[{"href":"https:\/\/www.egemtv.com\/index.php?rest_route=\/wp\/v2\/posts"}],"about":[{"href":"https:\/\/www.egemtv.com\/index.php?rest_route=\/wp\/v2\/types\/post"}],"author":[{"embeddable":true,"href":"https:\/\/www.egemtv.com\/index.php?rest_route=\/wp\/v2\/users\/1"}],"replies":[{"embeddable":true,"href":"https:\/\/www.egemtv.com\/index.php?rest_route=%2Fwp%2Fv2%2Fcomments&post=15881"}],"version-history":[{"count":1,"href":"https:\/\/www.egemtv.com\/index.php?rest_route=\/wp\/v2\/posts\/15881\/revisions"}],"predecessor-version":[{"id":15883,"href":"https:\/\/www.egemtv.com\/index.php?rest_route=\/wp\/v2\/posts\/15881\/revisions\/15883"}],"wp:featuredmedia":[{"embeddable":true,"href":"https:\/\/www.egemtv.com\/index.php?rest_route=\/wp\/v2\/media\/15882"}],"wp:attachment":[{"href":"https:\/\/www.egemtv.com\/index.php?rest_route=%2Fwp%2Fv2%2Fmedia&parent=15881"}],"wp:term":[{"taxonomy":"category","embeddable":true,"href":"https:\/\/www.egemtv.com\/index.php?rest_route=%2Fwp%2Fv2%2Fcategories&post=15881"},{"taxonomy":"post_tag","embeddable":true,"href":"https:\/\/www.egemtv.com\/index.php?rest_route=%2Fwp%2Fv2%2Ftags&post=15881"}],"curies":[{"name":"wp","href":"https:\/\/api.w.org\/{rel}","templated":true}]}}