{"id":15878,"date":"2025-02-05T16:24:07","date_gmt":"2025-02-05T13:24:07","guid":{"rendered":"https:\/\/www.egemtv.com\/?p=15878"},"modified":"2025-02-05T16:24:11","modified_gmt":"2025-02-05T13:24:11","slug":"cumhurbaskanligi-yatirim-ofisi-muradiye-osbde-incelemelerde-bulundu","status":"publish","type":"post","link":"https:\/\/www.egemtv.com\/?p=15878","title":{"rendered":"Cumhurba\u015fkanl\u0131\u011f\u0131 Yat\u0131r\u0131m Ofisi Muradiye OSB\u2019de incelemelerde bulundu"},"content":{"rendered":"<p>Cumhurba\u015fkanl\u0131\u011f\u0131 Yat\u0131r\u0131m Ofisi Ba\u015fkan\u0131 Burak Da\u011fl\u0131o\u011flu ve Yat\u0131r\u0131m Ofisi heyeti Manisa\u2019n\u0131n h\u0131zla b\u00fcy\u00fcyen merkezdeki ikinci Organize Sanayi B\u00f6lgesi olan Muradiye Organize Sanayi B\u00f6lgesi\u2019ni ziyaret ederek incelemelerde bulundu.<br \/>\n<br \/>Muradiye OSB Y\u00f6netim Kurulu Ba\u015fkan\u0131 Osman K\u0131v\u0131rc\u0131k, Cumhurba\u015fkanl\u0131\u011f\u0131 Yat\u0131r\u0131m Ofisi Ba\u015fkan\u0131 Burak Da\u011fl\u0131o\u011flu ve Yat\u0131r\u0131m Ofisi heyetini a\u011f\u0131rlayarak in\u015faat\u0131 devam eden Uzunburun Geni\u015fleme Alan\u0131 ve Muradiye OSB\u2019nin di\u011fer projeleri hakk\u0131nda bilgilendirmelerde bulundu. K\u0131v\u0131rc\u0131k\u2019tan bilgi alan Da\u011fl\u0131o\u011flu, yerli ve yabanc\u0131 yat\u0131r\u0131mc\u0131lar\u0131n g\u00f6zdesi haline gelmeye ba\u015flayan geni\u015fleme alan\u0131 \u00e7al\u0131\u015fmalar\u0131 hakk\u0131nda, Organize Sanayi B\u00f6lgesi olman\u0131n \u00f6nemine vurgu yaparak, Y\u00f6netim Kurulu Ba\u015fkan\u0131 Osman K\u0131v\u0131rc\u0131k\u2019\u0131 \u00e7al\u0131\u015fmalar\u0131ndan dolay\u0131 tebriklerini iletti.<br \/>\n<br \/>Muradiye OSB Y\u00f6netim Kurulu Ba\u015fkan\u0131 Osman K\u0131v\u0131rc\u0131k, Da\u011fl\u0131o\u011flu ve beraberindeki heyete Muradiye OSB\u2019nin kurulu\u015fundan bu yana y\u00fcr\u00fctt\u00fc\u011f\u00fc altyap\u0131, \u00fcstyap\u0131 ve i\u015fyeri projeleri hakk\u0131nda da bilgi sundu.<br \/>\n<br \/>Cumhurba\u015fkanl\u0131\u011f\u0131 Yat\u0131r\u0131m Ofisi Ba\u015fkan\u0131 Burak Da\u011fl\u0131o\u011flu ve beraberindeki heyet, daha sonra Ba\u015fkan K\u0131v\u0131rc\u0131k ve y\u00f6netim kurulu ile birlikte Muradiye OSB\u2019ye ait Uzunburun Geni\u015fleme Alan\u0131ndaki \u00e7al\u0131\u015fmalar\u0131 yerinde inceledi.<br \/>\n<br \/>Yakla\u015f\u0131k 290 hektarl\u0131k alanda y\u00fczlerce i\u015f makinesi ve binlerce personel ile s\u00fcrd\u00fcr\u00fclen \u00e7al\u0131\u015fmalar kapsam\u0131nda tesviyesi tamamlanan parseller ve doluluk oranlar\u0131 hakk\u0131nda bilgi veren Y\u00f6netim Kurulu Ba\u015fkan\u0131 K\u0131v\u0131rc\u0131k, Da\u011fl\u0131o\u011flu ve beraberindeki heyetin ziyaretlerinden dolay\u0131 memnuniyetini dile getirdi.<br \/><\/p>\n","protected":false},"excerpt":{"rendered":"<p>Cumhurba\u015fkanl\u0131\u011f\u0131 Yat\u0131r\u0131m Ofisi Ba\u015fkan\u0131 Burak Da\u011fl\u0131o\u011flu ve Yat\u0131r\u0131m Ofisi heyeti Manisa\u2019n\u0131n h\u0131zla b\u00fcy\u00fcyen merkezdeki ikinci Organize Sanayi B\u00f6lgesi olan Muradiye Organize Sanayi B\u00f6lgesi\u2019ni ziyaret ederek incelemelerde bulundu. Muradiye OSB Y\u00f6netim Kurulu Ba\u015fkan\u0131 Osman K\u0131v\u0131rc\u0131k, Cumhurba\u015fkanl\u0131\u011f\u0131 Yat\u0131r\u0131m Ofisi Ba\u015fkan\u0131 Burak Da\u011fl\u0131o\u011flu ve Yat\u0131r\u0131m Ofisi heyetini a\u011f\u0131rlayarak in\u015faat\u0131 devam eden Uzunburun Geni\u015fleme Alan\u0131 ve Muradiye OSB\u2019nin di\u011fer&#8230;<\/p>\n","protected":false},"author":1,"featured_media":15879,"comment_status":"open","ping_status":"open","sticky":false,"template":"","format":"standard","meta":{"_crdt_document":"","footnotes":""},"categories":[125],"tags":[],"class_list":["post-15878","post","type-post","status-publish","format-standard","has-post-thumbnail","hentry","category-ekonomi"],"_links":{"self":[{"href":"https:\/\/www.egemtv.com\/index.php?rest_route=\/wp\/v2\/posts\/15878","targetHints":{"allow":["GET"]}}],"collection":[{"href":"https:\/\/www.egemtv.com\/index.php?rest_route=\/wp\/v2\/posts"}],"about":[{"href":"https:\/\/www.egemtv.com\/index.php?rest_route=\/wp\/v2\/types\/post"}],"author":[{"embeddable":true,"href":"https:\/\/www.egemtv.com\/index.php?rest_route=\/wp\/v2\/users\/1"}],"replies":[{"embeddable":true,"href":"https:\/\/www.egemtv.com\/index.php?rest_route=%2Fwp%2Fv2%2Fcomments&post=15878"}],"version-history":[{"count":1,"href":"https:\/\/www.egemtv.com\/index.php?rest_route=\/wp\/v2\/posts\/15878\/revisions"}],"predecessor-version":[{"id":15880,"href":"https:\/\/www.egemtv.com\/index.php?rest_route=\/wp\/v2\/posts\/15878\/revisions\/15880"}],"wp:featuredmedia":[{"embeddable":true,"href":"https:\/\/www.egemtv.com\/index.php?rest_route=\/wp\/v2\/media\/15879"}],"wp:attachment":[{"href":"https:\/\/www.egemtv.com\/index.php?rest_route=%2Fwp%2Fv2%2Fmedia&parent=15878"}],"wp:term":[{"taxonomy":"category","embeddable":true,"href":"https:\/\/www.egemtv.com\/index.php?rest_route=%2Fwp%2Fv2%2Fcategories&post=15878"},{"taxonomy":"post_tag","embeddable":true,"href":"https:\/\/www.egemtv.com\/index.php?rest_route=%2Fwp%2Fv2%2Ftags&post=15878"}],"curies":[{"name":"wp","href":"https:\/\/api.w.org\/{rel}","templated":true}]}}