{"id":15875,"date":"2025-02-05T16:21:05","date_gmt":"2025-02-05T13:21:05","guid":{"rendered":"https:\/\/www.egemtv.com\/?p=15875"},"modified":"2025-02-05T16:21:10","modified_gmt":"2025-02-05T13:21:10","slug":"hisarcikta-sehit-asker-arik-mezari-basinda-anildi","status":"publish","type":"post","link":"https:\/\/www.egemtv.com\/?p=15875","title":{"rendered":"Hisarc\u0131k\u2019ta \u015fehit asker Ar\u0131k, mezar\u0131 ba\u015f\u0131nda an\u0131ld\u0131"},"content":{"rendered":"<p>\u015eehit Jandarma Onba\u015f\u0131 Y\u00fcksel Ar\u0131k, \u015fehadet y\u0131l d\u00f6n\u00fcm\u00fc m\u00fcnasebetiyle K\u00fctahya\u2019n\u0131n Hisarc\u0131k il\u00e7esindeki kabri ba\u015f\u0131nda dualarla an\u0131ld\u0131.<br \/>\n<br \/>Kaymakam Muhammet Samet Bahar, \u0130l\u00e7e Jandarma Komutan\u0131 \u00dcste\u011fmen Alperen Korkut, \u0130l\u00e7e Emniyet Amiri Ayhan Ist\u0131k, SYDV M\u00fcd\u00fcr\u00fc Nurcan U\u00e7ar ve \u0130l\u00e7e M\u00fcft\u00fcs\u00fc Sebahattin Akyol ile birlikte, 1999 y\u0131l\u0131nda \u015fehit olan Y\u00fcksel Ar\u0131k\u2019\u0131n vefat\u0131n\u0131n sene-i devriyesi m\u00fcnasebetiyle Hisarc\u0131k il\u00e7esindeki kabrini ziyaret etti. Ziyarette \u0130l\u00e7e M\u00fcft\u00fcs\u00fc Sebahattin Akyol taraf\u0131ndan Kur\u2019an-\u0131 Kerim okundu ve t\u00fcm \u015fehitler i\u00e7in dua edildi.<br \/>\n<br \/>\u015eehit ailesinin evini de ziyaret eden Kaymakam Muhammet Samet Bahar, \u015fehit babas\u0131 Arif Ar\u0131k\u2019a hediye takdim etti.<br \/><\/p>\n","protected":false},"excerpt":{"rendered":"<p>\u015eehit Jandarma Onba\u015f\u0131 Y\u00fcksel Ar\u0131k, \u015fehadet y\u0131l d\u00f6n\u00fcm\u00fc m\u00fcnasebetiyle K\u00fctahya\u2019n\u0131n Hisarc\u0131k il\u00e7esindeki kabri ba\u015f\u0131nda dualarla an\u0131ld\u0131. Kaymakam Muhammet Samet Bahar, \u0130l\u00e7e Jandarma Komutan\u0131 \u00dcste\u011fmen Alperen Korkut, \u0130l\u00e7e Emniyet Amiri Ayhan Ist\u0131k, SYDV M\u00fcd\u00fcr\u00fc Nurcan U\u00e7ar ve \u0130l\u00e7e M\u00fcft\u00fcs\u00fc Sebahattin Akyol ile birlikte, 1999 y\u0131l\u0131nda \u015fehit olan Y\u00fcksel Ar\u0131k\u2019\u0131n vefat\u0131n\u0131n sene-i devriyesi m\u00fcnasebetiyle Hisarc\u0131k il\u00e7esindeki kabrini&#8230;<\/p>\n","protected":false},"author":1,"featured_media":15876,"comment_status":"open","ping_status":"open","sticky":false,"template":"","format":"standard","meta":{"_crdt_document":"","footnotes":""},"categories":[123],"tags":[],"class_list":["post-15875","post","type-post","status-publish","format-standard","has-post-thumbnail","hentry","category-gundem"],"_links":{"self":[{"href":"https:\/\/www.egemtv.com\/index.php?rest_route=\/wp\/v2\/posts\/15875","targetHints":{"allow":["GET"]}}],"collection":[{"href":"https:\/\/www.egemtv.com\/index.php?rest_route=\/wp\/v2\/posts"}],"about":[{"href":"https:\/\/www.egemtv.com\/index.php?rest_route=\/wp\/v2\/types\/post"}],"author":[{"embeddable":true,"href":"https:\/\/www.egemtv.com\/index.php?rest_route=\/wp\/v2\/users\/1"}],"replies":[{"embeddable":true,"href":"https:\/\/www.egemtv.com\/index.php?rest_route=%2Fwp%2Fv2%2Fcomments&post=15875"}],"version-history":[{"count":1,"href":"https:\/\/www.egemtv.com\/index.php?rest_route=\/wp\/v2\/posts\/15875\/revisions"}],"predecessor-version":[{"id":15877,"href":"https:\/\/www.egemtv.com\/index.php?rest_route=\/wp\/v2\/posts\/15875\/revisions\/15877"}],"wp:featuredmedia":[{"embeddable":true,"href":"https:\/\/www.egemtv.com\/index.php?rest_route=\/wp\/v2\/media\/15876"}],"wp:attachment":[{"href":"https:\/\/www.egemtv.com\/index.php?rest_route=%2Fwp%2Fv2%2Fmedia&parent=15875"}],"wp:term":[{"taxonomy":"category","embeddable":true,"href":"https:\/\/www.egemtv.com\/index.php?rest_route=%2Fwp%2Fv2%2Fcategories&post=15875"},{"taxonomy":"post_tag","embeddable":true,"href":"https:\/\/www.egemtv.com\/index.php?rest_route=%2Fwp%2Fv2%2Ftags&post=15875"}],"curies":[{"name":"wp","href":"https:\/\/api.w.org\/{rel}","templated":true}]}}