{"id":15872,"date":"2025-02-05T16:18:28","date_gmt":"2025-02-05T13:18:28","guid":{"rendered":"https:\/\/www.egemtv.com\/?p=15872"},"modified":"2025-02-05T16:18:34","modified_gmt":"2025-02-05T13:18:34","slug":"efeler-belediyesinin-arama-kurtarma-ekibi-her-an-goreve-hazir","status":"publish","type":"post","link":"https:\/\/www.egemtv.com\/?p=15872","title":{"rendered":"Efeler Belediyesi\u2019nin arama kurtarma ekibi her an g\u00f6reve haz\u0131r"},"content":{"rendered":"<p>Kuruldu\u011fu g\u00fcnden bu yana bir\u00e7ok arama kurtarma faaliyetine kat\u0131larak vatanda\u015flara umut olan Efeler Belediyesi Arama Kurtarma (EFAK) ekibi, her an g\u00f6reve haz\u0131r halde olmak i\u00e7in e\u011fitimlerine aral\u0131ks\u0131z devam ediyor.<\/p>\n<p>Efeler Belediyesi Arama Kurtarma (EFAK) ekibi, kendini s\u00fcrekli geli\u015ftirerek en yeni arama kurtarma tekniklerini yak\u0131ndan takip edip e\u011fitimlerini s\u00fcrd\u00fcr\u00fcyor. Belediye deste\u011fiyle ekipmanlar\u0131n\u0131 s\u00fcrekli yenileyen EFAK, g\u00f6n\u00fcll\u00fcl\u00fck esas\u0131yla olaylara etkin ve h\u0131zl\u0131 m\u00fcdahale edebiliyor. B\u00fcnyesinde su alt\u0131 arama kurtarma e\u011fitimini tamamlam\u0131\u015f ve 2 ile 3 y\u0131ld\u0131za sahip \u00fcyeler de bar\u0131nd\u0131ran ekip, su alt\u0131 operasyonlar\u0131nda da yetkin bir seviyeye ula\u015ft\u0131.<\/p>\n<p>Afetlere m\u00fcdahalenin yan\u0131 s\u0131ra EFAK ekipleri afet bilincini art\u0131rmak i\u00e7in sosyal sorumluluk projelerinde aktif rol al\u0131yor. \u00c7e\u015fitli kurum ve kurulu\u015flarda d\u00fczenledi\u011fi e\u011fitimlerle, halk\u0131n muhtemel bir afete kar\u015f\u0131 bilin\u00e7lenmesini sa\u011fl\u0131yor. Ayr\u0131ca bir deprem durumunda Efeler\u2019de yer alan toplanma alanlar\u0131 listesi de belediyenin resmi internet adresinde yay\u0131nlan\u0131rken, vatanda\u015flar mahalle mahalle g\u00fcvenli toplanma noktalar\u0131na internet sitesindeki arama butonuna \u2018deprem toplanma alanlar\u0131\u2019 yazarak kolayca ula\u015fabilecek.<\/p>\n<p>&#8220;\u0130l\u00e7emiz i\u00e7in b\u00fcy\u00fck bir g\u00fc\u00e7&#8221;<br \/>\n<br \/>Efeler Belediye Ba\u015fkan\u0131 An\u0131l Yeti\u015fkin, EFAK\u2019\u0131n faaliyetlerine ili\u015fkin yapt\u0131\u011f\u0131 a\u00e7\u0131klamada, &#8220;Efeler Belediyesi olarak vatanda\u015flar\u0131m\u0131z\u0131n g\u00fcvenli\u011fi bizim i\u00e7in her \u015feyden \u00f6nemli. EFAK ekibimiz, yaln\u0131zca afetlerde de\u011fil, e\u011fitim \u00e7al\u0131\u015fmalar\u0131yla da fark\u0131ndal\u0131k olu\u015fturarak b\u00fcy\u00fck bir sorumluluk \u00fcstleniyor. Onlar\u0131n varl\u0131\u011f\u0131, il\u00e7emiz i\u00e7in b\u00fcy\u00fck bir g\u00fc\u00e7&#8221; ifadelerine yer verdi.<br \/><\/p>\n","protected":false},"excerpt":{"rendered":"<p>Kuruldu\u011fu g\u00fcnden bu yana bir\u00e7ok arama kurtarma faaliyetine kat\u0131larak vatanda\u015flara umut olan Efeler Belediyesi Arama Kurtarma (EFAK) ekibi, her an g\u00f6reve haz\u0131r halde olmak i\u00e7in e\u011fitimlerine aral\u0131ks\u0131z devam ediyor. Efeler Belediyesi Arama Kurtarma (EFAK) ekibi, kendini s\u00fcrekli geli\u015ftirerek en yeni arama kurtarma tekniklerini yak\u0131ndan takip edip e\u011fitimlerini s\u00fcrd\u00fcr\u00fcyor. Belediye deste\u011fiyle ekipmanlar\u0131n\u0131 s\u00fcrekli yenileyen EFAK, g\u00f6n\u00fcll\u00fcl\u00fck&#8230;<\/p>\n","protected":false},"author":1,"featured_media":15873,"comment_status":"open","ping_status":"open","sticky":false,"template":"","format":"standard","meta":{"_crdt_document":"","footnotes":""},"categories":[1],"tags":[],"class_list":["post-15872","post","type-post","status-publish","format-standard","has-post-thumbnail","hentry","category-guncel"],"_links":{"self":[{"href":"https:\/\/www.egemtv.com\/index.php?rest_route=\/wp\/v2\/posts\/15872","targetHints":{"allow":["GET"]}}],"collection":[{"href":"https:\/\/www.egemtv.com\/index.php?rest_route=\/wp\/v2\/posts"}],"about":[{"href":"https:\/\/www.egemtv.com\/index.php?rest_route=\/wp\/v2\/types\/post"}],"author":[{"embeddable":true,"href":"https:\/\/www.egemtv.com\/index.php?rest_route=\/wp\/v2\/users\/1"}],"replies":[{"embeddable":true,"href":"https:\/\/www.egemtv.com\/index.php?rest_route=%2Fwp%2Fv2%2Fcomments&post=15872"}],"version-history":[{"count":1,"href":"https:\/\/www.egemtv.com\/index.php?rest_route=\/wp\/v2\/posts\/15872\/revisions"}],"predecessor-version":[{"id":15874,"href":"https:\/\/www.egemtv.com\/index.php?rest_route=\/wp\/v2\/posts\/15872\/revisions\/15874"}],"wp:featuredmedia":[{"embeddable":true,"href":"https:\/\/www.egemtv.com\/index.php?rest_route=\/wp\/v2\/media\/15873"}],"wp:attachment":[{"href":"https:\/\/www.egemtv.com\/index.php?rest_route=%2Fwp%2Fv2%2Fmedia&parent=15872"}],"wp:term":[{"taxonomy":"category","embeddable":true,"href":"https:\/\/www.egemtv.com\/index.php?rest_route=%2Fwp%2Fv2%2Fcategories&post=15872"},{"taxonomy":"post_tag","embeddable":true,"href":"https:\/\/www.egemtv.com\/index.php?rest_route=%2Fwp%2Fv2%2Ftags&post=15872"}],"curies":[{"name":"wp","href":"https:\/\/api.w.org\/{rel}","templated":true}]}}