{"id":15863,"date":"2025-02-05T16:01:46","date_gmt":"2025-02-05T13:01:46","guid":{"rendered":"https:\/\/www.egemtv.com\/?p=15863"},"modified":"2025-02-05T16:01:53","modified_gmt":"2025-02-05T13:01:53","slug":"baskan-aras-depremin-yildonumunde-hatay-ve-malatyaya-gidiyor","status":"publish","type":"post","link":"https:\/\/www.egemtv.com\/?p=15863","title":{"rendered":"Ba\u015fkan Aras, depremin y\u0131ld\u00f6n\u00fcm\u00fcnde Hatay ve Malatya\u2019ya gidiyor"},"content":{"rendered":"<p>Mu\u011fla B\u00fcy\u00fck\u015fehir Belediye Ba\u015fkan\u0131 Ahmet Aras, 6 \u015eubat depremlerinin y\u0131ld\u00f6n\u00fcm\u00fcnde depremzedelerle bir araya gelmek ve dayan\u0131\u015fma mesaj\u0131 vermek amac\u0131yla Hatay ve Malatya\u2019ya gidecek.<br \/>\n<br \/>Kahramanmara\u015f merkezli 6 \u015eubat depreminin \u00fczerinden 2 y\u0131l ge\u00e7ti. 7.7 ve 7.6 b\u00fcy\u00fckl\u00fc\u011f\u00fcnde iki depremin \u00fcst \u00fcste ya\u015fand\u0131\u011f\u0131 2023 y\u0131l\u0131nda 53 binden fazla vatanda\u015f depremde hayat\u0131n\u0131 kaybetti. T\u00fcrkiye\u2019yi sarsan 6 \u015eubat depremlerinin y\u0131ld\u00f6n\u00fcm\u00fcnde Mu\u011fla B\u00fcy\u00fck\u015fehir Belediye Ba\u015fkan\u0131 Ahmet Aras, felaketin en \u00e7ok etkiledi\u011fi illerden olan Hatay ve Malatya\u2019ya giderek depremzedelerle bir araya gelecek.<br \/>\n<br \/>B\u00fcy\u00fck\u015fehir Belediyesi Hatay\u2019da mevlit yeme\u011fi d\u00fczenleyecek<br \/>\n<br \/>Program kapsam\u0131nda Ba\u015fkan Aras,  6 \u015eubat Per\u015fembe g\u00fcn\u00fc G\u00f6zc\u00fcler Konteyner Kent Yerle\u015fkesinde depremzedelerle bir araya gelerek depremde vefat eden vatanda\u015flar i\u00e7in Mu\u011fla B\u00fcy\u00fck\u015fehir Belediyesi taraf\u0131ndan d\u00fczenlenecek olan mevlit yeme\u011fine kat\u0131lacak.<br \/>\n<br \/>CHP Genel Ba\u015fkan\u0131 \u00d6zg\u00fcr \u00d6zel ve Ba\u015fkan Aras, 7 \u015eubat Cuma g\u00fcn\u00fc Hatay\u2019daki ziyaretlerine devam edecek. Genel Ba\u015fkan \u00d6zel ve Ba\u015fkan Aras, CHP Hatay \u0130l Ba\u015fkanl\u0131\u011f\u0131n\u0131, Narl\u0131ca Deprem Mezarl\u0131\u011f\u0131, Defne Belediyesi\u2019ni ziyaret edecek. Ard\u0131ndan Mu\u011fla B\u00fcy\u00fck\u015fehir Belediyesi\u2019nin Defne Konteyner Kentinde d\u00fczenleyece\u011fi mevlit yeme\u011fine kat\u0131lacak.<br \/>\n<br \/>Ba\u015fkan Aras, Malatya\u2019da bir dizi ziyaret ger\u00e7ekle\u015ftirecek<br \/>\n<br \/>Ba\u015fkan Aras, program kapsam\u0131nda 8 \u015eubat Cumartesi g\u00fcn\u00fc Malatya\u2019da hayat\u0131n\u0131 kaybeden vatanda\u015flar\u0131n kabirlerini ziyaret edecek. Ba\u015fkan Aras kabir ziyaretlerinin ard\u0131ndan Yaz\u0131han Belediyesi, Hekimhan Belediyesi ve G\u00fczelbah\u00e7e\u2019de bulunan Konteyner Kenti ziyaret edecek.<br \/><\/p>\n","protected":false},"excerpt":{"rendered":"<p>Mu\u011fla B\u00fcy\u00fck\u015fehir Belediye Ba\u015fkan\u0131 Ahmet Aras, 6 \u015eubat depremlerinin y\u0131ld\u00f6n\u00fcm\u00fcnde depremzedelerle bir araya gelmek ve dayan\u0131\u015fma mesaj\u0131 vermek amac\u0131yla Hatay ve Malatya\u2019ya gidecek. Kahramanmara\u015f merkezli 6 \u015eubat depreminin \u00fczerinden 2 y\u0131l ge\u00e7ti. 7.7 ve 7.6 b\u00fcy\u00fckl\u00fc\u011f\u00fcnde iki depremin \u00fcst \u00fcste ya\u015fand\u0131\u011f\u0131 2023 y\u0131l\u0131nda 53 binden fazla vatanda\u015f depremde hayat\u0131n\u0131 kaybetti. T\u00fcrkiye\u2019yi sarsan 6 \u015eubat depremlerinin&#8230;<\/p>\n","protected":false},"author":1,"featured_media":15864,"comment_status":"open","ping_status":"open","sticky":false,"template":"","format":"standard","meta":{"_crdt_document":"","footnotes":""},"categories":[123],"tags":[],"class_list":["post-15863","post","type-post","status-publish","format-standard","has-post-thumbnail","hentry","category-gundem"],"_links":{"self":[{"href":"https:\/\/www.egemtv.com\/index.php?rest_route=\/wp\/v2\/posts\/15863","targetHints":{"allow":["GET"]}}],"collection":[{"href":"https:\/\/www.egemtv.com\/index.php?rest_route=\/wp\/v2\/posts"}],"about":[{"href":"https:\/\/www.egemtv.com\/index.php?rest_route=\/wp\/v2\/types\/post"}],"author":[{"embeddable":true,"href":"https:\/\/www.egemtv.com\/index.php?rest_route=\/wp\/v2\/users\/1"}],"replies":[{"embeddable":true,"href":"https:\/\/www.egemtv.com\/index.php?rest_route=%2Fwp%2Fv2%2Fcomments&post=15863"}],"version-history":[{"count":1,"href":"https:\/\/www.egemtv.com\/index.php?rest_route=\/wp\/v2\/posts\/15863\/revisions"}],"predecessor-version":[{"id":15865,"href":"https:\/\/www.egemtv.com\/index.php?rest_route=\/wp\/v2\/posts\/15863\/revisions\/15865"}],"wp:featuredmedia":[{"embeddable":true,"href":"https:\/\/www.egemtv.com\/index.php?rest_route=\/wp\/v2\/media\/15864"}],"wp:attachment":[{"href":"https:\/\/www.egemtv.com\/index.php?rest_route=%2Fwp%2Fv2%2Fmedia&parent=15863"}],"wp:term":[{"taxonomy":"category","embeddable":true,"href":"https:\/\/www.egemtv.com\/index.php?rest_route=%2Fwp%2Fv2%2Fcategories&post=15863"},{"taxonomy":"post_tag","embeddable":true,"href":"https:\/\/www.egemtv.com\/index.php?rest_route=%2Fwp%2Fv2%2Ftags&post=15863"}],"curies":[{"name":"wp","href":"https:\/\/api.w.org\/{rel}","templated":true}]}}