{"id":15860,"date":"2025-02-05T15:59:00","date_gmt":"2025-02-05T12:59:00","guid":{"rendered":"https:\/\/www.egemtv.com\/?p=15860"},"modified":"2025-02-05T15:59:07","modified_gmt":"2025-02-05T12:59:07","slug":"sehzadeler-belediyesinin-tekvandocularindan-buyuk-basari","status":"publish","type":"post","link":"https:\/\/www.egemtv.com\/?p=15860","title":{"rendered":"\u015eehzadeler Belediyesinin tekvandocular\u0131ndan b\u00fcy\u00fck ba\u015far\u0131"},"content":{"rendered":"<p>Manisa Milli E\u011fitim M\u00fcd\u00fcrl\u00fc\u011f\u00fc taraf\u0131ndan d\u00fczenlenen Okullararas\u0131 Taekwondo \u0130l Birincili\u011fi m\u00fcsabakalar\u0131nda \u015eehzadeler Belediye Spor Kul\u00fcb\u00fc sporcular\u0131 b\u00fcy\u00fck ba\u015far\u0131 elde etti.<br \/>\n<br \/>Farkl\u0131 s\u0131kletlerde m\u00fccadele eden sporcular, \u00fcst\u00fcn performanslar\u0131yla madalyalar\u0131 toplad\u0131. 42 kg\u2019da m\u00fccadele eden \u015eevval Derince, rakiplerini geride b\u0131rakarak birincilik k\u00fcrs\u00fcs\u00fcne \u00e7\u0131kt\u0131. 59 kg\u2019da Ahmet Durmaz ikinci olurken, 78 kg\u2019da Mert Efe Kamal \u00fc\u00e7\u00fcnc\u00fcl\u00fck elde etti. \u015eehzadeler Belediye Spor Kul\u00fcb\u00fc sporcular\u0131n\u0131n bu ba\u015far\u0131s\u0131, antren\u00f6rleri ve aileleri taraf\u0131ndan b\u00fcy\u00fck bir gururla kar\u015f\u0131land\u0131. \u015eehzadeler Belediye Spor Kul\u00fcb\u00fc Ba\u015fkan\u0131 G\u00f6kay Budak, ba\u015far\u0131l\u0131 sporcular\u0131 tebrik ederek, &#8220;Sporcular\u0131m\u0131z\u0131n disiplinli \u00e7al\u0131\u015fmalar\u0131 ve azimli m\u00fccadeleleri sayesinde elde ettikleri bu ba\u015far\u0131 hepimizi gururland\u0131rd\u0131. \u015eehzadeler Belediye Spor Kul\u00fcb\u00fc olarak gen\u00e7lerimizin yan\u0131nda olmaya ve onlar\u0131 desteklemeye devam edece\u011fiz. T\u00fcm sporcular\u0131m\u0131z\u0131 ve antren\u00f6rlerimizi y\u00fcrekten kutluyorum&#8221; dedi.<br \/><\/p>\n","protected":false},"excerpt":{"rendered":"<p>Manisa Milli E\u011fitim M\u00fcd\u00fcrl\u00fc\u011f\u00fc taraf\u0131ndan d\u00fczenlenen Okullararas\u0131 Taekwondo \u0130l Birincili\u011fi m\u00fcsabakalar\u0131nda \u015eehzadeler Belediye Spor Kul\u00fcb\u00fc sporcular\u0131 b\u00fcy\u00fck ba\u015far\u0131 elde etti. Farkl\u0131 s\u0131kletlerde m\u00fccadele eden sporcular, \u00fcst\u00fcn performanslar\u0131yla madalyalar\u0131 toplad\u0131. 42 kg\u2019da m\u00fccadele eden \u015eevval Derince, rakiplerini geride b\u0131rakarak birincilik k\u00fcrs\u00fcs\u00fcne \u00e7\u0131kt\u0131. 59 kg\u2019da Ahmet Durmaz ikinci olurken, 78 kg\u2019da Mert Efe Kamal \u00fc\u00e7\u00fcnc\u00fcl\u00fck elde etti&#8230;.<\/p>\n","protected":false},"author":1,"featured_media":15861,"comment_status":"open","ping_status":"open","sticky":false,"template":"","format":"standard","meta":{"_crdt_document":"","footnotes":""},"categories":[4],"tags":[],"class_list":["post-15860","post","type-post","status-publish","format-standard","has-post-thumbnail","hentry","category-spor"],"_links":{"self":[{"href":"https:\/\/www.egemtv.com\/index.php?rest_route=\/wp\/v2\/posts\/15860","targetHints":{"allow":["GET"]}}],"collection":[{"href":"https:\/\/www.egemtv.com\/index.php?rest_route=\/wp\/v2\/posts"}],"about":[{"href":"https:\/\/www.egemtv.com\/index.php?rest_route=\/wp\/v2\/types\/post"}],"author":[{"embeddable":true,"href":"https:\/\/www.egemtv.com\/index.php?rest_route=\/wp\/v2\/users\/1"}],"replies":[{"embeddable":true,"href":"https:\/\/www.egemtv.com\/index.php?rest_route=%2Fwp%2Fv2%2Fcomments&post=15860"}],"version-history":[{"count":1,"href":"https:\/\/www.egemtv.com\/index.php?rest_route=\/wp\/v2\/posts\/15860\/revisions"}],"predecessor-version":[{"id":15862,"href":"https:\/\/www.egemtv.com\/index.php?rest_route=\/wp\/v2\/posts\/15860\/revisions\/15862"}],"wp:featuredmedia":[{"embeddable":true,"href":"https:\/\/www.egemtv.com\/index.php?rest_route=\/wp\/v2\/media\/15861"}],"wp:attachment":[{"href":"https:\/\/www.egemtv.com\/index.php?rest_route=%2Fwp%2Fv2%2Fmedia&parent=15860"}],"wp:term":[{"taxonomy":"category","embeddable":true,"href":"https:\/\/www.egemtv.com\/index.php?rest_route=%2Fwp%2Fv2%2Fcategories&post=15860"},{"taxonomy":"post_tag","embeddable":true,"href":"https:\/\/www.egemtv.com\/index.php?rest_route=%2Fwp%2Fv2%2Ftags&post=15860"}],"curies":[{"name":"wp","href":"https:\/\/api.w.org\/{rel}","templated":true}]}}