{"id":15857,"date":"2025-02-05T15:56:47","date_gmt":"2025-02-05T12:56:47","guid":{"rendered":"https:\/\/www.egemtv.com\/?p=15857"},"modified":"2025-02-05T15:56:51","modified_gmt":"2025-02-05T12:56:51","slug":"iki-otomobilin-carpismasi-sonucu-suruculer-yaralandi","status":"publish","type":"post","link":"https:\/\/www.egemtv.com\/?p=15857","title":{"rendered":"\u0130ki otomobilin \u00e7arp\u0131\u015fmas\u0131 sonucu s\u00fcr\u00fcc\u00fcler yaraland\u0131"},"content":{"rendered":"<p>U\u015fak\u2019ta iki otomobilin \u00e7arp\u0131\u015fmas\u0131 sonucu s\u00fcr\u00fcc\u00fcler yaralanarak hastaneye kald\u0131r\u0131ld\u0131.<br \/>\n<br \/>Kaza, U\u015fak-Sivasl\u0131 yolu cezaevi kav\u015fa\u011f\u0131nda meydana geldi. Edinilen bilgilere g\u00f6re, E.A. (50) idaresindeki 07 AR 719 plakal\u0131 otomobil tahliye yoldan \u00e7\u0131k\u0131\u015f yapt\u0131\u011f\u0131 esnada merkezden Sivasl\u0131 istikametine seyir halinde olan \u0130.K. (44) y\u00f6netimindeki 34 GPR 969 plakal\u0131 otomobil ile \u00e7arp\u0131\u015ft\u0131.<br \/>\n<br \/>\u00c7evredeki vatanda\u015flar\u0131n 112 Acil \u00c7a\u011fr\u0131 Merkezi\u2019ne durumu bildirmesi \u00fczerine b\u00f6lgeye 112 Sa\u011fl\u0131k, polis ve jandarma ekipleri sevk edildi. 112 Sa\u011fl\u0131k ekiplerince otomobil s\u00fcr\u00fcc\u00fcleri yaral\u0131 olarak U\u015fak E\u011fitim ve Ara\u015ft\u0131rma Hastanesi\u2019ne kald\u0131r\u0131ld\u0131.<br \/>\n<br \/>\u00d6te yandan, yaral\u0131 s\u00fcr\u00fcc\u00fclerin sa\u011fl\u0131k durumunun iyi oldu\u011fu \u00f6\u011frenilirken, U\u015fak-Sivasl\u0131 karayolu bir s\u00fcre trafi\u011fe kapand\u0131.<br \/><\/p>\n","protected":false},"excerpt":{"rendered":"<p>U\u015fak\u2019ta iki otomobilin \u00e7arp\u0131\u015fmas\u0131 sonucu s\u00fcr\u00fcc\u00fcler yaralanarak hastaneye kald\u0131r\u0131ld\u0131. Kaza, U\u015fak-Sivasl\u0131 yolu cezaevi kav\u015fa\u011f\u0131nda meydana geldi. Edinilen bilgilere g\u00f6re, E.A. (50) idaresindeki 07 AR 719 plakal\u0131 otomobil tahliye yoldan \u00e7\u0131k\u0131\u015f yapt\u0131\u011f\u0131 esnada merkezden Sivasl\u0131 istikametine seyir halinde olan \u0130.K. (44) y\u00f6netimindeki 34 GPR 969 plakal\u0131 otomobil ile \u00e7arp\u0131\u015ft\u0131. \u00c7evredeki vatanda\u015flar\u0131n 112 Acil \u00c7a\u011fr\u0131 Merkezi\u2019ne durumu&#8230;<\/p>\n","protected":false},"author":1,"featured_media":15858,"comment_status":"open","ping_status":"open","sticky":false,"template":"","format":"standard","meta":{"_crdt_document":"","footnotes":""},"categories":[5],"tags":[],"class_list":["post-15857","post","type-post","status-publish","format-standard","has-post-thumbnail","hentry","category-asayis"],"_links":{"self":[{"href":"https:\/\/www.egemtv.com\/index.php?rest_route=\/wp\/v2\/posts\/15857","targetHints":{"allow":["GET"]}}],"collection":[{"href":"https:\/\/www.egemtv.com\/index.php?rest_route=\/wp\/v2\/posts"}],"about":[{"href":"https:\/\/www.egemtv.com\/index.php?rest_route=\/wp\/v2\/types\/post"}],"author":[{"embeddable":true,"href":"https:\/\/www.egemtv.com\/index.php?rest_route=\/wp\/v2\/users\/1"}],"replies":[{"embeddable":true,"href":"https:\/\/www.egemtv.com\/index.php?rest_route=%2Fwp%2Fv2%2Fcomments&post=15857"}],"version-history":[{"count":1,"href":"https:\/\/www.egemtv.com\/index.php?rest_route=\/wp\/v2\/posts\/15857\/revisions"}],"predecessor-version":[{"id":15859,"href":"https:\/\/www.egemtv.com\/index.php?rest_route=\/wp\/v2\/posts\/15857\/revisions\/15859"}],"wp:featuredmedia":[{"embeddable":true,"href":"https:\/\/www.egemtv.com\/index.php?rest_route=\/wp\/v2\/media\/15858"}],"wp:attachment":[{"href":"https:\/\/www.egemtv.com\/index.php?rest_route=%2Fwp%2Fv2%2Fmedia&parent=15857"}],"wp:term":[{"taxonomy":"category","embeddable":true,"href":"https:\/\/www.egemtv.com\/index.php?rest_route=%2Fwp%2Fv2%2Fcategories&post=15857"},{"taxonomy":"post_tag","embeddable":true,"href":"https:\/\/www.egemtv.com\/index.php?rest_route=%2Fwp%2Fv2%2Ftags&post=15857"}],"curies":[{"name":"wp","href":"https:\/\/api.w.org\/{rel}","templated":true}]}}