{"id":15854,"date":"2025-02-05T15:56:41","date_gmt":"2025-02-05T12:56:41","guid":{"rendered":"https:\/\/www.egemtv.com\/?p=15854"},"modified":"2025-02-05T15:56:47","modified_gmt":"2025-02-05T12:56:47","slug":"ak-parti-il-baskani-turgut-mazbatasini-aldi","status":"publish","type":"post","link":"https:\/\/www.egemtv.com\/?p=15854","title":{"rendered":"AK Parti \u0130l Ba\u015fkan\u0131 Turgut mazbatas\u0131n\u0131 ald\u0131"},"content":{"rendered":"<p>Ge\u00e7ti\u011fimiz hafta sonu Cumhurba\u015fkan\u0131 ve AK Parti Genel Ba\u015fkan\u0131 Recep Tayyip Erdo\u011fan\u2019\u0131n kat\u0131l\u0131m\u0131yla yap\u0131lan ve tek liste halinde gidilen AK Parti Manisa 8. Ola\u011fan \u0130l Kongresinde AK Parti Manisa \u0130l ba\u015fkan\u0131 olarak se\u00e7ilen S\u00fcleyman Turgut, bug\u00fcn Mazbatas\u0131n\u0131 alarak g\u00f6revine ba\u015flad\u0131.<br \/>\n<br \/>Manisa Adliyesi konferans salonunda ger\u00e7ekle\u015ftirilen mazbata t\u00f6renine AK Parti Manisa \u0130l ba\u015fkan\u0131 olarak se\u00e7ilen S\u00fcleyman Turgut ile 50 ki\u015filik y\u00f6netim kurulu \u00fcyeleri ile partililer kat\u0131ld\u0131.<br \/>\n<br \/>Mazbatas\u0131n\u0131 teslim almadan \u00f6nce konu\u015fma yapan \u0130l Ba\u015fkan\u0131 Turgut, &#8220;1 \u015eubat\u2019ta yapm\u0131\u015f oldu\u011fumuz Say\u0131n Cumhurba\u015fkan\u0131m\u0131z\u0131n da kat\u0131l\u0131m\u0131yla birlikte ger\u00e7ekle\u015ftirdi\u011fimiz partimizin 8. Ola\u011fan Kongresinde \u015fahs\u0131n ve hep birlikte y\u00f6netim olarak \u00f6n\u00fcm\u00fczdeki d\u00f6nemde Manisa\u2019da \u0130l Ba\u015fkanl\u0131\u011f\u0131 y\u00f6netim kurulu \u00fcyeli\u011fi g\u00f6revleri alm\u0131\u015f bulunmaktay\u0131z. Ben bu vesile ile bizleri salonda yaln\u0131z b\u0131rakmayan t\u00fcm hem\u015fehrilerimize, t\u00fcm dostlar\u0131m\u0131za, kat\u0131l\u0131m sa\u011flayan herkese ve oylar\u0131yla destek veren t\u00fcm delege arkada\u015flar\u0131m\u0131za huzurlar\u0131n\u0131zda te\u015fekk\u00fcr etmek istiyorum. Bir te\u015fekk\u00fcr de bas\u0131n mensuplar\u0131na yapmak istiyorum ki bizi ger\u00e7ekten ba\u015flad\u0131\u011f\u0131m\u0131z g\u00fcnden bug\u00fcne kadar takip eden bizlerle ilgili do\u011fru haberleri yapan ve bug\u00fcn de aram\u0131zda bulunan \u00e7ok de\u011ferli bas\u0131n mensuplar\u0131m\u0131za da ayr\u0131ca te\u015fekk\u00fcr etmek istiyorum. Hay\u0131rl\u0131s\u0131yla bug\u00fcn \u00e7\u0131kaca\u011f\u0131m\u0131z bu yolda devam eden zaman i\u00e7erisinde \u00f6nce Manisa\u2019m\u0131za, arkas\u0131ndan da \u00fclkemize ve t\u00fcm d\u00fcnyaya hay\u0131rl\u0131 hizmetler yapmak i\u00e7in bu kervan\u0131n i\u00e7erisinde hep birlikte olaca\u011f\u0131z. Bu s\u00fcre\u00e7 i\u00e7erisinde biz kavgadan ziyade hizmet anlay\u0131\u015f\u0131 ile y\u00fcr\u00fcyece\u011fiz. Ne zaman bitece\u011fini bilmedi\u011fimiz bu hizmet zaman\u0131 sonunda bu g\u00f6revleri b\u0131rak\u0131rken geriye d\u00f6n\u00fcp bakt\u0131\u011f\u0131m\u0131zda hizmet ve hay\u0131rla an\u0131lan \u00e7ok g\u00fczel bir s\u00fcreci hep birlikte kavga ve g\u00fcr\u00fclt\u00fcye f\u0131rsat vermeden hay\u0131rl\u0131 hizmetlerle ge\u00e7irece\u011finiz bir zaman dilimi olmas\u0131n\u0131 da g\u00f6n\u00fclden temenni ediyorum. Bu noktada Manisa \u00f6zelinde t\u00fcm il\u00e7elerimiz ile beraber yap\u0131lacak b\u00fct\u00fcn hay\u0131rl\u0131 hizmetlerde hay\u0131rl\u0131 i\u015flerde siyaseti bir kenar\u0131 b\u0131rak\u0131p halka hizmeti Hakk\u2019a hizmet olarak g\u00f6ren bir d\u00fc\u015f\u00fcnce ile bu g\u00f6revleri yapaca\u011f\u0131m\u0131z\u0131 buradan tekrar ifade etmek istiyorum. Bu s\u00fcre\u00e7 i\u00e7erisinde bizlerle beraber olan, bizlere destek veren, bizlere dualar\u0131yla beraber gece g\u00fcnd\u00fcz demeden bizlerle beraber olan herkese \u00e7ok te\u015fekk\u00fcr ediyorum. \u0130n\u015fallah bu s\u00fcre\u00e7 i\u00e7erisinde birlik beraberlikle Manisa\u2019da hizmet etmeye in\u015fallah devam edece\u011fiz. Son s\u00f6z olarak da diyorum ki \u2019Bizi izlemeye devam edin.&#8221; \u015feklinde konu\u015ftu.<br \/>\n<br \/>Yap\u0131lan konu\u015fman\u0131n ard\u0131ndan \u0130l Ba\u015fkan\u0131 Turgut\u2019a mazbatas\u0131n\u0131, Yunusemre \u0130l\u00e7e Se\u00e7im Kurulu M\u00fcd\u00fcr\u00fc Faruk Kanber\u2019in elinden teslim ald\u0131.<br \/>\n<br \/>Mazbata t\u00f6reni toplu foto\u011fraf \u00e7ekimi ile sona erdi.<br \/><\/p>\n","protected":false},"excerpt":{"rendered":"<p>Ge\u00e7ti\u011fimiz hafta sonu Cumhurba\u015fkan\u0131 ve AK Parti Genel Ba\u015fkan\u0131 Recep Tayyip Erdo\u011fan\u2019\u0131n kat\u0131l\u0131m\u0131yla yap\u0131lan ve tek liste halinde gidilen AK Parti Manisa 8. Ola\u011fan \u0130l Kongresinde AK Parti Manisa \u0130l ba\u015fkan\u0131 olarak se\u00e7ilen S\u00fcleyman Turgut, bug\u00fcn Mazbatas\u0131n\u0131 alarak g\u00f6revine ba\u015flad\u0131. Manisa Adliyesi konferans salonunda ger\u00e7ekle\u015ftirilen mazbata t\u00f6renine AK Parti Manisa \u0130l ba\u015fkan\u0131 olarak se\u00e7ilen S\u00fcleyman&#8230;<\/p>\n","protected":false},"author":1,"featured_media":15855,"comment_status":"open","ping_status":"open","sticky":false,"template":"","format":"standard","meta":{"_crdt_document":"","footnotes":""},"categories":[127],"tags":[],"class_list":["post-15854","post","type-post","status-publish","format-standard","has-post-thumbnail","hentry","category-siyaset"],"_links":{"self":[{"href":"https:\/\/www.egemtv.com\/index.php?rest_route=\/wp\/v2\/posts\/15854","targetHints":{"allow":["GET"]}}],"collection":[{"href":"https:\/\/www.egemtv.com\/index.php?rest_route=\/wp\/v2\/posts"}],"about":[{"href":"https:\/\/www.egemtv.com\/index.php?rest_route=\/wp\/v2\/types\/post"}],"author":[{"embeddable":true,"href":"https:\/\/www.egemtv.com\/index.php?rest_route=\/wp\/v2\/users\/1"}],"replies":[{"embeddable":true,"href":"https:\/\/www.egemtv.com\/index.php?rest_route=%2Fwp%2Fv2%2Fcomments&post=15854"}],"version-history":[{"count":1,"href":"https:\/\/www.egemtv.com\/index.php?rest_route=\/wp\/v2\/posts\/15854\/revisions"}],"predecessor-version":[{"id":15856,"href":"https:\/\/www.egemtv.com\/index.php?rest_route=\/wp\/v2\/posts\/15854\/revisions\/15856"}],"wp:featuredmedia":[{"embeddable":true,"href":"https:\/\/www.egemtv.com\/index.php?rest_route=\/wp\/v2\/media\/15855"}],"wp:attachment":[{"href":"https:\/\/www.egemtv.com\/index.php?rest_route=%2Fwp%2Fv2%2Fmedia&parent=15854"}],"wp:term":[{"taxonomy":"category","embeddable":true,"href":"https:\/\/www.egemtv.com\/index.php?rest_route=%2Fwp%2Fv2%2Fcategories&post=15854"},{"taxonomy":"post_tag","embeddable":true,"href":"https:\/\/www.egemtv.com\/index.php?rest_route=%2Fwp%2Fv2%2Ftags&post=15854"}],"curies":[{"name":"wp","href":"https:\/\/api.w.org\/{rel}","templated":true}]}}