{"id":15845,"date":"2025-02-05T15:51:48","date_gmt":"2025-02-05T12:51:48","guid":{"rendered":"https:\/\/www.egemtv.com\/?p=15845"},"modified":"2025-02-05T15:51:54","modified_gmt":"2025-02-05T12:51:54","slug":"make-depremin-ikinci-yil-donumunde-gaziantepe-gidiyor","status":"publish","type":"post","link":"https:\/\/www.egemtv.com\/?p=15845","title":{"rendered":"MAKE, depremin ikinci y\u0131l d\u00f6n\u00fcm\u00fcnde Gaziantep\u2019e gidiyor"},"content":{"rendered":"<p>Kahramanmara\u015f merkezli 11 ili etkileyerek on binlerce insan\u0131n hayat\u0131n\u0131 kaybetmesine neden olan 6 \u015eubat depremlerinin ikinci y\u0131l d\u00f6n\u00fcm\u00fcnde, Marmaris Arama Kurtarma Ekibi (MAKE) afetin ya\u015fand\u0131\u011f\u0131 b\u00f6lgeye do\u011fru yola \u00e7\u0131kt\u0131. Deprem felaketinin hemen ard\u0131ndan Mu\u011fla\u2019n\u0131n Marmaris il\u00e7esinden b\u00f6lgeye giden ekip, bu kez &#8220;Unutmad\u0131k&#8221; diyerek, yanlar\u0131nda hediyelerle birlikte bin 125 kilometrelik yolculu\u011fa ba\u015flad\u0131.<br \/>\n<br \/>Deprem felaketinin ard\u0131ndan AFAD koordinesinde Gaziantep\u2019in \u0130slahiye il\u00e7esinde g\u00f6rev alan Marmaris Arama Kurtarma Ekibi (MAKE), haftalar boyunca enkaz alt\u0131nda kalan canlar\u0131 kurtarmak i\u00e7in \u00e7al\u0131\u015fm\u0131\u015ft\u0131. Depremin ikinci y\u0131l d\u00f6n\u00fcm\u00fcnde ise MAKE, hayatlar\u0131na dokunduklar\u0131 insanlar\u0131 yeniden g\u00f6rmek i\u00e7in 10 ki\u015filik bir ekiple b\u00f6lgeye hareket ettiler.<\/p>\n<p>&#8220;Hala o g\u00fcnk\u00fc gibi i\u00e7imiz buruk&#8221;<br \/>\n<br \/>\u0130slahiye\u2019de arama kurtarma yapt\u0131klar\u0131 s\u00fcrede g\u00f6n\u00fcl ba\u011f\u0131 kurduklar\u0131 ve hala ileti\u015fimde olduklar\u0131 depremzedeleri de ziyaret edeceklerini belirten MAKE Dernek Ba\u015fkan\u0131 Nafiye Ayd\u0131n, &#8220;6 \u015eubat depreminin ard\u0131ndan Gaziantep \u0130slahiye\u2019ye giden ilk ekiplerden biri olarak biz de oradayd\u0131k. O g\u00fcnden bu yana depremzede vatanda\u015flar\u0131m\u0131zla g\u00f6r\u00fc\u015fmeye devam ediyoruz, hala i\u015f birli\u011fi i\u00e7indeyiz. Bu kez onlar\u0131n daveti \u00fczerine tekrar yola \u00e7\u0131kt\u0131k. Ama buruk bir sevin\u00e7 i\u00e7indeyiz. O g\u00fcn g\u00f6rd\u00fc\u011f\u00fcm\u00fcz manzaralar\u0131 unutam\u0131yoruz ve benzer bir ac\u0131yla kar\u015f\u0131la\u015fmaktan endi\u015feliyiz. Ancak 6 \u015eubat\u2019ta onlar\u0131n yan\u0131nda olmak, ekibimizle yard\u0131mlar\u0131m\u0131z\u0131 ula\u015ft\u0131rmak bizim i\u00e7in \u00e7ok k\u0131ymetli&#8221; dedi.<\/p>\n<p>&#8220;\u0130ki y\u0131l \u00f6nce kurtard\u0131\u011f\u0131m\u0131z karde\u015fimizi g\u00f6rmeye gidiyoruz&#8221;<br \/>\n<br \/>Deprem s\u0131ras\u0131nda \u00fcniversite \u00f6\u011frencisi olan ve ilk giden ekipte yer alan Naz Gemici de ya\u015fad\u0131\u011f\u0131 deneyimi \u015f\u00f6yle anlatt\u0131: &#8220;\u0130ki y\u0131l \u00f6nce \u00f6\u011frenciydim, MAKE ile ileti\u015fime ge\u00e7tik ve Nafiye ablan\u0131n deste\u011fiyle b\u00f6lgeye gittik. 15 g\u00fcn boyunca orada kald\u0131k ve \u00e7ok ac\u0131 tecr\u00fcbeler ya\u015fad\u0131k. \u0130slahiye\u2019de bir karde\u015fimizi enkaz alt\u0131ndan kurtard\u0131k. Onu g\u00f6rmek i\u00e7in de gidiyoruz, onunla ba\u011f\u0131m\u0131z hi\u00e7 kopmad\u0131. Ge\u00e7en y\u0131l gitmek istedik ama nasip olmad\u0131. Bu sene yeniden orada olmak ve onlar\u0131n nas\u0131l olduklar\u0131n\u0131 g\u00f6rmek istiyoruz.&#8221;<\/p>\n<p>&#8220;Unutmayaca\u011f\u0131z diye s\u00f6z verdik&#8221;<br \/>\n<br \/>MAKE\u2019den Berke Boyraz ise afetin ilk g\u00fcnlerinde verdikleri s\u00f6z\u00fc hat\u0131rlatarak, &#8220;Biz bir s\u00f6z vermi\u015ftik; unutmayaca\u011f\u0131z demi\u015ftik. Bug\u00fcn de s\u00f6z\u00fcm\u00fcz\u00fc tutuyoruz. B\u00f6lgeye kolilerle yard\u0131mlar g\u00f6t\u00fcr\u00fcyoruz, maddi destek sa\u011flayaca\u011f\u0131z ve \u00e7ocuklar i\u00e7in oyuncaklar da\u011f\u0131taca\u011f\u0131z&#8221; diye konu\u015ftu.<br \/><\/p>\n","protected":false},"excerpt":{"rendered":"<p>Kahramanmara\u015f merkezli 11 ili etkileyerek on binlerce insan\u0131n hayat\u0131n\u0131 kaybetmesine neden olan 6 \u015eubat depremlerinin ikinci y\u0131l d\u00f6n\u00fcm\u00fcnde, Marmaris Arama Kurtarma Ekibi (MAKE) afetin ya\u015fand\u0131\u011f\u0131 b\u00f6lgeye do\u011fru yola \u00e7\u0131kt\u0131. Deprem felaketinin hemen ard\u0131ndan Mu\u011fla\u2019n\u0131n Marmaris il\u00e7esinden b\u00f6lgeye giden ekip, bu kez &#8220;Unutmad\u0131k&#8221; diyerek, yanlar\u0131nda hediyelerle birlikte bin 125 kilometrelik yolculu\u011fa ba\u015flad\u0131. Deprem felaketinin ard\u0131ndan AFAD&#8230;<\/p>\n","protected":false},"author":1,"featured_media":15846,"comment_status":"open","ping_status":"open","sticky":false,"template":"","format":"standard","meta":{"_crdt_document":"","footnotes":""},"categories":[1],"tags":[],"class_list":["post-15845","post","type-post","status-publish","format-standard","has-post-thumbnail","hentry","category-guncel"],"_links":{"self":[{"href":"https:\/\/www.egemtv.com\/index.php?rest_route=\/wp\/v2\/posts\/15845","targetHints":{"allow":["GET"]}}],"collection":[{"href":"https:\/\/www.egemtv.com\/index.php?rest_route=\/wp\/v2\/posts"}],"about":[{"href":"https:\/\/www.egemtv.com\/index.php?rest_route=\/wp\/v2\/types\/post"}],"author":[{"embeddable":true,"href":"https:\/\/www.egemtv.com\/index.php?rest_route=\/wp\/v2\/users\/1"}],"replies":[{"embeddable":true,"href":"https:\/\/www.egemtv.com\/index.php?rest_route=%2Fwp%2Fv2%2Fcomments&post=15845"}],"version-history":[{"count":1,"href":"https:\/\/www.egemtv.com\/index.php?rest_route=\/wp\/v2\/posts\/15845\/revisions"}],"predecessor-version":[{"id":15847,"href":"https:\/\/www.egemtv.com\/index.php?rest_route=\/wp\/v2\/posts\/15845\/revisions\/15847"}],"wp:featuredmedia":[{"embeddable":true,"href":"https:\/\/www.egemtv.com\/index.php?rest_route=\/wp\/v2\/media\/15846"}],"wp:attachment":[{"href":"https:\/\/www.egemtv.com\/index.php?rest_route=%2Fwp%2Fv2%2Fmedia&parent=15845"}],"wp:term":[{"taxonomy":"category","embeddable":true,"href":"https:\/\/www.egemtv.com\/index.php?rest_route=%2Fwp%2Fv2%2Fcategories&post=15845"},{"taxonomy":"post_tag","embeddable":true,"href":"https:\/\/www.egemtv.com\/index.php?rest_route=%2Fwp%2Fv2%2Ftags&post=15845"}],"curies":[{"name":"wp","href":"https:\/\/api.w.org\/{rel}","templated":true}]}}