{"id":15842,"date":"2025-02-05T15:47:19","date_gmt":"2025-02-05T12:47:19","guid":{"rendered":"https:\/\/www.egemtv.com\/?p=15842"},"modified":"2025-02-05T15:47:22","modified_gmt":"2025-02-05T12:47:22","slug":"kinik-belediyespor-altyapisiyla-lige-merhaba-dedi","status":"publish","type":"post","link":"https:\/\/www.egemtv.com\/?p=15842","title":{"rendered":"K\u0131n\u0131k Belediyespor, altyap\u0131s\u0131yla lige \u2019Merhaba\u2019 dedi"},"content":{"rendered":"<p>K\u0131n\u0131k Belediyespor U12, ligin ilk ma\u00e7\u0131nda Alia\u011fa K\u00f6rfezspor ile 2-2 berabere kald\u0131.<br \/>\n<br \/>K\u0131n\u0131k Belediyespor\u2019un altyap\u0131s\u0131 olan U12, Alia\u011fa K\u00f6rfezspor ile kar\u015f\u0131 kar\u015f\u0131ya geldi. So\u011fuk ve ya\u011f\u0131\u015fl\u0131 bir havada oynanan kar\u015f\u0131la\u015fmada K\u0131n\u0131k ekibi iki kez \u00f6ne ge\u00e7mesine ra\u011fmen skoru koruyamad\u0131 ve 2-2\u2019lik beraberlikle sahadan ayr\u0131ld\u0131. B\u00f6ylece K\u0131n\u0131k ekibi, sezona beraberlikle ba\u015flam\u0131\u015f oldu. K\u0131n\u0131k Belediyespor U12 tak\u0131m\u0131n\u0131n gollerini ise Nuri Sucu ve \u00c7a\u011fatay \u00c7etin kaydetti.<br \/>\n<br \/>K\u0131n\u0131k Belediyespor\u2019un altyap\u0131s\u0131ndaki di\u011fer tak\u0131mlar da ligdeki m\u00fccadelelerine devam ediyor. U11 tak\u0131m\u0131, gelecek hafta Pazartesi g\u00fcn\u00fc saat 18.00\u2019de Bergama\u2019da \u0130zmir \u00c7oruhlu FK ile kar\u015f\u0131la\u015facak.<br \/><\/p>\n","protected":false},"excerpt":{"rendered":"<p>K\u0131n\u0131k Belediyespor U12, ligin ilk ma\u00e7\u0131nda Alia\u011fa K\u00f6rfezspor ile 2-2 berabere kald\u0131. K\u0131n\u0131k Belediyespor\u2019un altyap\u0131s\u0131 olan U12, Alia\u011fa K\u00f6rfezspor ile kar\u015f\u0131 kar\u015f\u0131ya geldi. So\u011fuk ve ya\u011f\u0131\u015fl\u0131 bir havada oynanan kar\u015f\u0131la\u015fmada K\u0131n\u0131k ekibi iki kez \u00f6ne ge\u00e7mesine ra\u011fmen skoru koruyamad\u0131 ve 2-2\u2019lik beraberlikle sahadan ayr\u0131ld\u0131. B\u00f6ylece K\u0131n\u0131k ekibi, sezona beraberlikle ba\u015flam\u0131\u015f oldu. K\u0131n\u0131k Belediyespor U12 tak\u0131m\u0131n\u0131n&#8230;<\/p>\n","protected":false},"author":1,"featured_media":15843,"comment_status":"open","ping_status":"open","sticky":false,"template":"","format":"standard","meta":{"_crdt_document":"","footnotes":""},"categories":[4],"tags":[],"class_list":["post-15842","post","type-post","status-publish","format-standard","has-post-thumbnail","hentry","category-spor"],"_links":{"self":[{"href":"https:\/\/www.egemtv.com\/index.php?rest_route=\/wp\/v2\/posts\/15842","targetHints":{"allow":["GET"]}}],"collection":[{"href":"https:\/\/www.egemtv.com\/index.php?rest_route=\/wp\/v2\/posts"}],"about":[{"href":"https:\/\/www.egemtv.com\/index.php?rest_route=\/wp\/v2\/types\/post"}],"author":[{"embeddable":true,"href":"https:\/\/www.egemtv.com\/index.php?rest_route=\/wp\/v2\/users\/1"}],"replies":[{"embeddable":true,"href":"https:\/\/www.egemtv.com\/index.php?rest_route=%2Fwp%2Fv2%2Fcomments&post=15842"}],"version-history":[{"count":1,"href":"https:\/\/www.egemtv.com\/index.php?rest_route=\/wp\/v2\/posts\/15842\/revisions"}],"predecessor-version":[{"id":15844,"href":"https:\/\/www.egemtv.com\/index.php?rest_route=\/wp\/v2\/posts\/15842\/revisions\/15844"}],"wp:featuredmedia":[{"embeddable":true,"href":"https:\/\/www.egemtv.com\/index.php?rest_route=\/wp\/v2\/media\/15843"}],"wp:attachment":[{"href":"https:\/\/www.egemtv.com\/index.php?rest_route=%2Fwp%2Fv2%2Fmedia&parent=15842"}],"wp:term":[{"taxonomy":"category","embeddable":true,"href":"https:\/\/www.egemtv.com\/index.php?rest_route=%2Fwp%2Fv2%2Fcategories&post=15842"},{"taxonomy":"post_tag","embeddable":true,"href":"https:\/\/www.egemtv.com\/index.php?rest_route=%2Fwp%2Fv2%2Ftags&post=15842"}],"curies":[{"name":"wp","href":"https:\/\/api.w.org\/{rel}","templated":true}]}}