{"id":15836,"date":"2025-02-05T15:37:45","date_gmt":"2025-02-05T12:37:45","guid":{"rendered":"https:\/\/www.egemtv.com\/?p=15836"},"modified":"2025-02-05T15:37:50","modified_gmt":"2025-02-05T12:37:50","slug":"baskan-cercioglu-nazillili-muhtarlari-agirladi","status":"publish","type":"post","link":"https:\/\/www.egemtv.com\/?p=15836","title":{"rendered":"Ba\u015fkan \u00c7er\u00e7io\u011flu, Nazillili muhtarlar\u0131 a\u011f\u0131rlad\u0131"},"content":{"rendered":"<p>Ayd\u0131n B\u00fcy\u00fck\u015fehir Belediye Ba\u015fkan\u0131 \u00d6zlem \u00c7er\u00e7io\u011flu\u2019na Nazilli muhtarlar\u0131 nezaket ziyaretinde bulundu.<\/p>\n<p>Ziyarette Nazillili muhtarlar, Ba\u015fkan \u00c7er\u00e7io\u011flu\u2019na mahallelerinde ger\u00e7ekle\u015ftirdi\u011fi ba\u015far\u0131l\u0131 \u00e7al\u0131\u015fmalardan dolay\u0131 te\u015fekk\u00fcr etti. \u00c7er\u00e7io\u011flu ise B\u00fcy\u00fck\u015fehir Belediyesi ve ASK\u0130 taraf\u0131ndan ger\u00e7ekle\u015ftirilen yat\u0131r\u0131mlar\u0131n ve \u00e7al\u0131\u015fmalar\u0131n devam edece\u011fini belirterek muhtarlara nazik ziyaretleri i\u00e7in te\u015fekk\u00fcr etti.<br \/><\/p>\n","protected":false},"excerpt":{"rendered":"<p>Ayd\u0131n B\u00fcy\u00fck\u015fehir Belediye Ba\u015fkan\u0131 \u00d6zlem \u00c7er\u00e7io\u011flu\u2019na Nazilli muhtarlar\u0131 nezaket ziyaretinde bulundu. Ziyarette Nazillili muhtarlar, Ba\u015fkan \u00c7er\u00e7io\u011flu\u2019na mahallelerinde ger\u00e7ekle\u015ftirdi\u011fi ba\u015far\u0131l\u0131 \u00e7al\u0131\u015fmalardan dolay\u0131 te\u015fekk\u00fcr etti. \u00c7er\u00e7io\u011flu ise B\u00fcy\u00fck\u015fehir Belediyesi ve ASK\u0130 taraf\u0131ndan ger\u00e7ekle\u015ftirilen yat\u0131r\u0131mlar\u0131n ve \u00e7al\u0131\u015fmalar\u0131n devam edece\u011fini belirterek muhtarlara nazik ziyaretleri i\u00e7in te\u015fekk\u00fcr etti.<\/p>\n","protected":false},"author":1,"featured_media":15837,"comment_status":"open","ping_status":"open","sticky":false,"template":"","format":"standard","meta":{"_crdt_document":"","footnotes":""},"categories":[1],"tags":[],"class_list":["post-15836","post","type-post","status-publish","format-standard","has-post-thumbnail","hentry","category-guncel"],"_links":{"self":[{"href":"https:\/\/www.egemtv.com\/index.php?rest_route=\/wp\/v2\/posts\/15836","targetHints":{"allow":["GET"]}}],"collection":[{"href":"https:\/\/www.egemtv.com\/index.php?rest_route=\/wp\/v2\/posts"}],"about":[{"href":"https:\/\/www.egemtv.com\/index.php?rest_route=\/wp\/v2\/types\/post"}],"author":[{"embeddable":true,"href":"https:\/\/www.egemtv.com\/index.php?rest_route=\/wp\/v2\/users\/1"}],"replies":[{"embeddable":true,"href":"https:\/\/www.egemtv.com\/index.php?rest_route=%2Fwp%2Fv2%2Fcomments&post=15836"}],"version-history":[{"count":1,"href":"https:\/\/www.egemtv.com\/index.php?rest_route=\/wp\/v2\/posts\/15836\/revisions"}],"predecessor-version":[{"id":15838,"href":"https:\/\/www.egemtv.com\/index.php?rest_route=\/wp\/v2\/posts\/15836\/revisions\/15838"}],"wp:featuredmedia":[{"embeddable":true,"href":"https:\/\/www.egemtv.com\/index.php?rest_route=\/wp\/v2\/media\/15837"}],"wp:attachment":[{"href":"https:\/\/www.egemtv.com\/index.php?rest_route=%2Fwp%2Fv2%2Fmedia&parent=15836"}],"wp:term":[{"taxonomy":"category","embeddable":true,"href":"https:\/\/www.egemtv.com\/index.php?rest_route=%2Fwp%2Fv2%2Fcategories&post=15836"},{"taxonomy":"post_tag","embeddable":true,"href":"https:\/\/www.egemtv.com\/index.php?rest_route=%2Fwp%2Fv2%2Ftags&post=15836"}],"curies":[{"name":"wp","href":"https:\/\/api.w.org\/{rel}","templated":true}]}}