{"id":15833,"date":"2025-02-05T15:27:02","date_gmt":"2025-02-05T12:27:02","guid":{"rendered":"https:\/\/www.egemtv.com\/?p=15833"},"modified":"2025-02-05T15:27:03","modified_gmt":"2025-02-05T12:27:03","slug":"denizlinin-horozu-bayilana-kadar-ottu","status":"publish","type":"post","link":"https:\/\/www.egemtv.com\/?p=15833","title":{"rendered":"Denizli\u2019nin horozu bay\u0131lana kadar \u00f6tt\u00fc"},"content":{"rendered":"<p>Denizli\u2019nin d\u00fcnyaca \u00fcnl\u00fc horozu \u00f6terken bay\u0131ld\u0131. G\u00f6r\u00fcnt\u00fcler sosyal medyada b\u00fcy\u00fck ilgi g\u00f6rd\u00fc.<br \/>\n<br \/>Denizli\u2019nin uzun \u00f6tmesiyle \u00fcnl\u00fc horozlar\u0131n\u0131n nam\u0131 d\u00fcnyaya yay\u0131ld\u0131. 2020 y\u0131l\u0131nda 15 saniye boyunca \u00f6tt\u00fckten sonra bay\u0131lan horoz d\u00fcnya bas\u0131n\u0131nda geni\u015f yer buldu. \u0130lgi oda\u011f\u0131 haline gelen \u00f6terken bay\u0131lan horozun 2022 y\u0131l\u0131nda \u00f6lmesinin ard\u0131ndan benzer davran\u0131\u015f sergileyen bir horoz dan Ac\u0131payam il\u00e7esinde ortaya \u00e7\u0131kt\u0131. Ac\u0131payam il\u00e7esine ba\u011fl\u0131 Akalan Mahallesi\u2019nde ikamet eden 17 ya\u015f\u0131ndaki Mehmet Koparan\u2019\u0131n b\u00fcy\u00fctt\u00fc\u011f\u00fc 6 ayl\u0131k Denizli horozu, \u00f6tmeye ba\u015flamas\u0131n\u0131n ard\u0131ndan bay\u0131ld\u0131. Yakla\u015f\u0131k 17 saniye \u00f6tt\u00fc\u011f\u00fc ifade edilen horoz, bayg\u0131nl\u0131k ge\u00e7irmesinin ard\u0131ndan sahibi taraf\u0131ndan yere b\u0131rak\u0131ld\u0131. Birka\u00e7 saniye hareketsiz kalan k\u00fcmes hayvan\u0131, daha sonra tekrar kedisine geldi.<br \/>\n<br \/>Horozun \u00f6tmeye ba\u015flad\u0131\u011f\u0131 ilk anlar\u0131 kayda alamayan gen\u00e7 yeti\u015ftirici, kuca\u011f\u0131nda bay\u0131l\u0131ncaya kadar \u00f6ten horozunun bu ilgin\u00e7 anlar\u0131n\u0131 kendi sosyal medya hesab\u0131ndan payla\u015ft\u0131. Denizli horozunun \u00f6terken bay\u0131ld\u0131\u011f\u0131 g\u00f6r\u00fcnt\u00fcler, k\u0131sa s\u00fcrede binlerce ki\u015fi taraf\u0131ndan izlendi.<br \/><\/p>\n","protected":false},"excerpt":{"rendered":"<p>Denizli\u2019nin d\u00fcnyaca \u00fcnl\u00fc horozu \u00f6terken bay\u0131ld\u0131. G\u00f6r\u00fcnt\u00fcler sosyal medyada b\u00fcy\u00fck ilgi g\u00f6rd\u00fc. Denizli\u2019nin uzun \u00f6tmesiyle \u00fcnl\u00fc horozlar\u0131n\u0131n nam\u0131 d\u00fcnyaya yay\u0131ld\u0131. 2020 y\u0131l\u0131nda 15 saniye boyunca \u00f6tt\u00fckten sonra bay\u0131lan horoz d\u00fcnya bas\u0131n\u0131nda geni\u015f yer buldu. \u0130lgi oda\u011f\u0131 haline gelen \u00f6terken bay\u0131lan horozun 2022 y\u0131l\u0131nda \u00f6lmesinin ard\u0131ndan benzer davran\u0131\u015f sergileyen bir horoz dan Ac\u0131payam il\u00e7esinde ortaya \u00e7\u0131kt\u0131&#8230;.<\/p>\n","protected":false},"author":1,"featured_media":15834,"comment_status":"open","ping_status":"open","sticky":false,"template":"","format":"standard","meta":{"_crdt_document":"","footnotes":""},"categories":[1],"tags":[],"class_list":["post-15833","post","type-post","status-publish","format-standard","has-post-thumbnail","hentry","category-guncel"],"_links":{"self":[{"href":"https:\/\/www.egemtv.com\/index.php?rest_route=\/wp\/v2\/posts\/15833","targetHints":{"allow":["GET"]}}],"collection":[{"href":"https:\/\/www.egemtv.com\/index.php?rest_route=\/wp\/v2\/posts"}],"about":[{"href":"https:\/\/www.egemtv.com\/index.php?rest_route=\/wp\/v2\/types\/post"}],"author":[{"embeddable":true,"href":"https:\/\/www.egemtv.com\/index.php?rest_route=\/wp\/v2\/users\/1"}],"replies":[{"embeddable":true,"href":"https:\/\/www.egemtv.com\/index.php?rest_route=%2Fwp%2Fv2%2Fcomments&post=15833"}],"version-history":[{"count":1,"href":"https:\/\/www.egemtv.com\/index.php?rest_route=\/wp\/v2\/posts\/15833\/revisions"}],"predecessor-version":[{"id":15835,"href":"https:\/\/www.egemtv.com\/index.php?rest_route=\/wp\/v2\/posts\/15833\/revisions\/15835"}],"wp:featuredmedia":[{"embeddable":true,"href":"https:\/\/www.egemtv.com\/index.php?rest_route=\/wp\/v2\/media\/15834"}],"wp:attachment":[{"href":"https:\/\/www.egemtv.com\/index.php?rest_route=%2Fwp%2Fv2%2Fmedia&parent=15833"}],"wp:term":[{"taxonomy":"category","embeddable":true,"href":"https:\/\/www.egemtv.com\/index.php?rest_route=%2Fwp%2Fv2%2Fcategories&post=15833"},{"taxonomy":"post_tag","embeddable":true,"href":"https:\/\/www.egemtv.com\/index.php?rest_route=%2Fwp%2Fv2%2Ftags&post=15833"}],"curies":[{"name":"wp","href":"https:\/\/api.w.org\/{rel}","templated":true}]}}