{"id":15794,"date":"2025-02-05T14:31:32","date_gmt":"2025-02-05T11:31:32","guid":{"rendered":"https:\/\/www.egemtv.com\/?p=15794"},"modified":"2025-02-05T14:31:37","modified_gmt":"2025-02-05T11:31:37","slug":"denizlili-iki-genc-yetenek-besiktasta-ter-dokecek","status":"publish","type":"post","link":"https:\/\/www.egemtv.com\/?p=15794","title":{"rendered":"Denizlili iki gen\u00e7 yetenek Be\u015fikta\u015f\u2019ta ter d\u00f6kecek"},"content":{"rendered":"<p>Denizli Pamukkale Be\u015fikta\u015f Futbol Okulu gen\u00e7 yetenekleri T\u00fcrk Futboluna kazand\u0131rmaya devam ediyor. Yakla\u015f\u0131k bir hafta \u00f6nce \u0130stanbul\u2019da se\u00e7melere kat\u0131lan iki k\u0131z futbolcu yeterli g\u00f6r\u00fclerek Be\u015fikta\u015f futbolcusu oldu.<br \/>\n<br \/>Yakla\u015f\u0131k 26 y\u0131ll\u0131k faal futbol hayat\u0131ndan sonra kendisini futbolcu yeti\u015ftirmeye adayan Ferdi K\u00f6sem kurdu\u011fu Denizli Be\u015fikta\u015f Futbol Okulu ile gen\u00e7 yetenekleri ke\u015ffetmeye ve T\u00fcrk Futboluna kazand\u0131rmaya devam ediyor.<br \/>\n<br \/>Bu kapsamda \u00e7al\u0131\u015fmalar\u0131na devam eden Denizli Pamukkale Be\u015fikta\u015f Futbol Okulu Genel Koordinat\u00f6r\u00fc Ferdi K\u00f6sem yakla\u015f\u0131k bir hafta \u00f6nce \u0130stanbul\u2019da se\u00e7melere giden; 11 ya\u015f\u0131ndaki sol a\u00e7\u0131k Nurcan Kazanc\u0131o ile sa\u011f bek Nilsu \u00c7ay\u0131r\u2019\u0131n se\u00e7meleri ge\u00e7erek Be\u015fikta\u015f\u2019a transfer edildi\u011fini s\u00f6yledi.<\/p>\n<p>&#8220;Lisanslar\u0131n\u0131 verdik, art\u0131k onlar Be\u015fikta\u015fl\u0131&#8221;<br \/>\n<br \/>\u0130ki futbolcunun se\u00e7imi ile ilgili olarak a\u00e7\u0131klamalarda bulunan Genel Koordinat\u00f6r K\u00f6sem Daha \u00f6nce Yalova\u2019da se\u00e7melere kat\u0131lan ve be\u011fenilen iki futbolcusunun son se\u00e7me i\u00e7in \u0130stanbul\u2019a davet edildi\u011fini belirterek, &#8220;K\u0131zlar\u0131m\u0131z\u0131 o zaman oraya da g\u00f6t\u00fcrm\u00fc\u015ft\u00fck. Orada olumlu sinyaller alm\u0131\u015ft\u0131k. Hatta orada bize \u00f6d\u00fcl vermi\u015flerdi. Orada se\u00e7ilen k\u0131zlar\u0131m\u0131z\u0131 Florya\u2019ya \u00e7a\u011f\u0131rd\u0131lar. Orada antrenmanlar olaca\u011f\u0131n\u0131 gitmeden \u00f6nce s\u00f6ylemi\u015ftik. Dedi\u011fimiz gibi de oldu. Orada antrenmanlara ba\u015flad\u0131lar. Sa\u011f olsunlar Akademi hocalar\u0131m\u0131z da antrenman sonunda beni \u00e7a\u011f\u0131rd\u0131lar. \u0130ki yetenekli k\u0131z\u0131m\u0131z\u0131 bize kazand\u0131rd\u0131n\u0131z diyerek te\u015fekk\u00fcr ettiler. \u015eimdi art\u0131k bizim akademik oyuncumuz oldular dediler. Lisanslar\u0131n\u0131 istediler. Bende kendi ellerimle verdim&#8221; dedi.<\/p>\n<p>&#8220;Bizim i\u00e7in gurur verici&#8221;<br \/>\n<br \/>Se\u00e7ilen futbolcular\u0131n \u0130stanbul Be\u015fikta\u015f tesislerinde d\u00fczenli aral\u0131klarla antrenmanlara \u00e7\u0131kacaklar\u0131na dikkat \u00e7eken K\u00f6sem, &#8220;K\u0131zlar\u0131m\u0131z\u0131 \u015fimdi orada 4-5 haftaya bir orada antrenmanlara \u00e7\u0131kacaklar. Art\u0131k bir aya\u011f\u0131m\u0131z da \u0130stanbul\u2019da, Fulya\u2019da oldu. Biz iki k\u0131z\u0131m\u0131z\u0131 oraya verdi\u011fimiz i\u00e7in \u00e7ok gururlu ve onurluyuz. \u00c7ocuklar\u0131m\u0131z\u0131 4-5 haftaya bir oraya antrenmana gidecekler. Lisanslar\u0131n\u0131 teslim ettik. Art\u0131k oran\u0131n resmi olarak Be\u015fikta\u015f\u2019\u0131n akademik oyuncusu oldular. Bizim \u015fubemiz i\u00e7inde gurur verici bir olay in\u015fallah bu gibi yetenekleri T\u00fcrk Futboluna kazand\u0131rmaya devam edece\u011fiz&#8221; diye konu\u015ftu.<\/p>\n<p>&#8220;Milli tak\u0131ma kadar y\u00fckselmek istiyorum&#8221;<br \/>\n<br \/>Se\u00e7meleri kazanarak Be\u015fikta\u015fl\u0131 olan 11 ya\u015f\u0131ndaki sol a\u00e7\u0131k Nurcan Kazanc\u0131o\u2018da futbolu \u00e7ok sevdi\u011fini belirterek &#8220;Futbola ilkokul ikinci s\u0131n\u0131fta ba\u015flad\u0131m. Babam b\u00fcy\u00fck futbolcuydu onu \u00f6rnek ald\u0131m. Be\u015fikta\u015f benim hayalimdeki kul\u00fcp. Se\u00e7ildi\u011fim i\u00e7in \u00e7ok heyecanl\u0131y\u0131m. \u0130n\u015fallah \u00e7ok \u00e7al\u0131\u015farak ba\u015far\u0131l\u0131 olmak ve milli tak\u0131ma kadar y\u00fckselmek istiyorum &#8220;dedi.<\/p>\n<p>&#8220;Hocam\u0131 ve ailemi gururland\u0131rd\u0131\u011f\u0131m i\u00e7in mutluyum&#8221;<br \/>\n<br \/>Be\u015fikta\u015f\u2019a transfer olan di\u011fer oyuncu 11 ya\u015f\u0131ndaki sa\u011f bek Nilsu \u00c7ay\u0131r\u2019da yakla\u015f\u0131k 4 y\u0131l \u00f6nce futbola ba\u015flad\u0131\u011f\u0131n\u0131 belirterek &#8220;\u00c7ok heyecanl\u0131y\u0131m. Hocam\u0131 ve ailemi gururland\u0131rd\u0131\u011f\u0131m i\u00e7in de \u00e7ok mutluyum. Bunu \u00e7ok \u00e7al\u0131\u015farak ba\u015fard\u0131m. Ben hocalar\u0131ma g\u00fcvendim. Hocalar\u0131m da bana g\u00fcvendi ve ba\u015fard\u0131k. \u0130n\u015fallah orada da bu ba\u015far\u0131y\u0131 devam ettirmek istiyorum&#8221; diye konu\u015ftu.<br \/><\/p>\n","protected":false},"excerpt":{"rendered":"<p>Denizli Pamukkale Be\u015fikta\u015f Futbol Okulu gen\u00e7 yetenekleri T\u00fcrk Futboluna kazand\u0131rmaya devam ediyor. Yakla\u015f\u0131k bir hafta \u00f6nce \u0130stanbul\u2019da se\u00e7melere kat\u0131lan iki k\u0131z futbolcu yeterli g\u00f6r\u00fclerek Be\u015fikta\u015f futbolcusu oldu. Yakla\u015f\u0131k 26 y\u0131ll\u0131k faal futbol hayat\u0131ndan sonra kendisini futbolcu yeti\u015ftirmeye adayan Ferdi K\u00f6sem kurdu\u011fu Denizli Be\u015fikta\u015f Futbol Okulu ile gen\u00e7 yetenekleri ke\u015ffetmeye ve T\u00fcrk Futboluna kazand\u0131rmaya devam ediyor&#8230;.<\/p>\n","protected":false},"author":1,"featured_media":15795,"comment_status":"open","ping_status":"open","sticky":false,"template":"","format":"standard","meta":{"_crdt_document":"","footnotes":""},"categories":[4],"tags":[],"class_list":["post-15794","post","type-post","status-publish","format-standard","has-post-thumbnail","hentry","category-spor"],"_links":{"self":[{"href":"https:\/\/www.egemtv.com\/index.php?rest_route=\/wp\/v2\/posts\/15794","targetHints":{"allow":["GET"]}}],"collection":[{"href":"https:\/\/www.egemtv.com\/index.php?rest_route=\/wp\/v2\/posts"}],"about":[{"href":"https:\/\/www.egemtv.com\/index.php?rest_route=\/wp\/v2\/types\/post"}],"author":[{"embeddable":true,"href":"https:\/\/www.egemtv.com\/index.php?rest_route=\/wp\/v2\/users\/1"}],"replies":[{"embeddable":true,"href":"https:\/\/www.egemtv.com\/index.php?rest_route=%2Fwp%2Fv2%2Fcomments&post=15794"}],"version-history":[{"count":1,"href":"https:\/\/www.egemtv.com\/index.php?rest_route=\/wp\/v2\/posts\/15794\/revisions"}],"predecessor-version":[{"id":15796,"href":"https:\/\/www.egemtv.com\/index.php?rest_route=\/wp\/v2\/posts\/15794\/revisions\/15796"}],"wp:featuredmedia":[{"embeddable":true,"href":"https:\/\/www.egemtv.com\/index.php?rest_route=\/wp\/v2\/media\/15795"}],"wp:attachment":[{"href":"https:\/\/www.egemtv.com\/index.php?rest_route=%2Fwp%2Fv2%2Fmedia&parent=15794"}],"wp:term":[{"taxonomy":"category","embeddable":true,"href":"https:\/\/www.egemtv.com\/index.php?rest_route=%2Fwp%2Fv2%2Fcategories&post=15794"},{"taxonomy":"post_tag","embeddable":true,"href":"https:\/\/www.egemtv.com\/index.php?rest_route=%2Fwp%2Fv2%2Ftags&post=15794"}],"curies":[{"name":"wp","href":"https:\/\/api.w.org\/{rel}","templated":true}]}}