{"id":15791,"date":"2025-02-05T14:22:08","date_gmt":"2025-02-05T11:22:08","guid":{"rendered":"https:\/\/www.egemtv.com\/?p=15791"},"modified":"2025-02-05T14:22:14","modified_gmt":"2025-02-05T11:22:14","slug":"baskan-aras-emitt-fuari-acilisina-katildi","status":"publish","type":"post","link":"https:\/\/www.egemtv.com\/?p=15791","title":{"rendered":"Ba\u015fkan Aras EMITT Fuar\u0131 a\u00e7\u0131l\u0131\u015f\u0131na kat\u0131ld\u0131"},"content":{"rendered":"<p>2024 y\u0131l\u0131nda 95 \u00fclkeden yakla\u015f\u0131k 30 bin ziyaret\u00e7iyi a\u011f\u0131rlayan EMITT Turizm Fuar\u0131, bu y\u0131l 5-7 \u015eubat tarihlerinde T\u00dcYAP Fuar ve Kongre Merkezi\u2019nde ba\u015flad\u0131. Mu\u011fla B\u00fcy\u00fck\u015fehir Belediyesi Turizm Fuar\u0131\u2019nda 13 il\u00e7esini tan\u0131tan stand\u0131yla kat\u0131l\u0131mc\u0131lara D\u00fcnya Kenti Mu\u011fla\u2019y\u0131 anlat\u0131yor.<br \/>\n<br \/>K\u0131y\u0131 Ege Belediyeler Birli\u011fi ve Mu\u011fla B\u00fcy\u00fck\u015fehir Belediye Ba\u015fkan\u0131 Ahmet Aras\u2019\u0131n \u00f6nc\u00fcl\u00fc\u011f\u00fcnde fuara kat\u0131lan Mu\u011fla B\u00fcy\u00fck\u015fehir Belediyesi, EMITT Turizm Fuar\u0131\u2019nda kentin do\u011fal, tarihi ve k\u00fclt\u00fcrel zenginliklerini tan\u0131t\u0131yor. 4 g\u00fcn s\u00fcrecek olan Do\u011fu Akdeniz Uluslararas\u0131 Turizm ve Seyahat Fuar\u0131 (EMITT) kapsam\u0131nda 13 il\u00e7enin tan\u0131t\u0131m\u0131 ger\u00e7ekle\u015ftirilecek.<br \/>\n<br \/>Mu\u011fla\u2019n\u0131n turizmdeki g\u00fcc\u00fcn\u00fc vurgulayan EMITT Fuar\u0131, ayn\u0131 zamanda s\u00fcrd\u00fcr\u00fclebilir turizme de katk\u0131 sunacak. B\u00fcy\u00fck\u015fehir Belediyesi de il\u00e7elerin markala\u015fma s\u00fcrecini desteklemek i\u00e7in fuarda aktif rol alacak.<br \/>\n<br \/>Ba\u015fkan Aras, &#8220;Mu\u011fla\u2019n\u0131n d\u00f6rt mevsim turizm potansiyelini ortaya \u00e7\u0131karaca\u011f\u0131z&#8221;<br \/>\n<br \/>4 g\u00fcn s\u00fcrecek fuar\u0131n a\u00e7\u0131l\u0131\u015f\u0131na kat\u0131lan K\u0131y\u0131 Ege Belediyeler Birli\u011fi ve Mu\u011fla B\u00fcy\u00fck\u015fehir Belediye Ba\u015fkan\u0131 Ahmet Aras, &#8220;Mu\u011fla\u2019m\u0131z\u0131n her k\u00f6\u015fesinde ayr\u0131 g\u00fczellikleri var. Bu g\u00fczellikleri tan\u0131tmak, il\u00e7elerimizin kap\u0131lar\u0131n\u0131 d\u00fcnyaya a\u00e7mak da bizim g\u00f6revimiz. 13 il\u00e7emizle i\u015f birli\u011fi yaparak Mu\u011fla\u2019m\u0131z\u0131 t\u00fcm g\u00fczellikleriyle tan\u0131tmay\u0131 hedefliyoruz. Bunu da ancak EMITT gibi kapsaml\u0131 fuarlarla kolayla\u015ft\u0131rabiliriz. D\u00fcnyan\u0131n ve \u00fclkemizin her yerinden gelen ziyaret\u00e7ileri ile il\u00e7elerimize ve Mu\u011fla\u2019m\u0131za kapsaml\u0131 bir tan\u0131t\u0131m imk\u00e2n\u0131 sunan bu fuar, 13 il\u00e7emizin markala\u015fmas\u0131na da destek olacak. Ayr\u0131ca, turizmin sadece k\u0131y\u0131 b\u00f6lgelerimizle s\u0131n\u0131rl\u0131 kalmamas\u0131, k\u0131rsal turizmin geli\u015fmesi ve k\u00fclt\u00fcrel miras\u0131m\u0131z\u0131n daha geni\u015f kitlelere ula\u015fmas\u0131 i\u00e7in de bu t\u00fcr organizasyonlar b\u00fcy\u00fck \u00f6nem ta\u015f\u0131yor. Mu\u011fla\u2019n\u0131n d\u00f6rt mevsim turizm potansiyeline sahip bir kent oldu\u011funu her f\u0131rsatta vurguluyoruz. EMITT Fuar\u0131\u2019nda da bu vizyonumuzu en iyi \u015fekilde yans\u0131tarak Mu\u011fla\u2019n\u0131n turizmdeki yerini daha da g\u00fc\u00e7lendirmeyi hedefliyoruz&#8221; dedi.<br \/><\/p>\n","protected":false},"excerpt":{"rendered":"<p>2024 y\u0131l\u0131nda 95 \u00fclkeden yakla\u015f\u0131k 30 bin ziyaret\u00e7iyi a\u011f\u0131rlayan EMITT Turizm Fuar\u0131, bu y\u0131l 5-7 \u015eubat tarihlerinde T\u00dcYAP Fuar ve Kongre Merkezi\u2019nde ba\u015flad\u0131. Mu\u011fla B\u00fcy\u00fck\u015fehir Belediyesi Turizm Fuar\u0131\u2019nda 13 il\u00e7esini tan\u0131tan stand\u0131yla kat\u0131l\u0131mc\u0131lara D\u00fcnya Kenti Mu\u011fla\u2019y\u0131 anlat\u0131yor. K\u0131y\u0131 Ege Belediyeler Birli\u011fi ve Mu\u011fla B\u00fcy\u00fck\u015fehir Belediye Ba\u015fkan\u0131 Ahmet Aras\u2019\u0131n \u00f6nc\u00fcl\u00fc\u011f\u00fcnde fuara kat\u0131lan Mu\u011fla B\u00fcy\u00fck\u015fehir Belediyesi, EMITT&#8230;<\/p>\n","protected":false},"author":1,"featured_media":15792,"comment_status":"open","ping_status":"open","sticky":false,"template":"","format":"standard","meta":{"_crdt_document":"","footnotes":""},"categories":[125],"tags":[],"class_list":["post-15791","post","type-post","status-publish","format-standard","has-post-thumbnail","hentry","category-ekonomi"],"_links":{"self":[{"href":"https:\/\/www.egemtv.com\/index.php?rest_route=\/wp\/v2\/posts\/15791","targetHints":{"allow":["GET"]}}],"collection":[{"href":"https:\/\/www.egemtv.com\/index.php?rest_route=\/wp\/v2\/posts"}],"about":[{"href":"https:\/\/www.egemtv.com\/index.php?rest_route=\/wp\/v2\/types\/post"}],"author":[{"embeddable":true,"href":"https:\/\/www.egemtv.com\/index.php?rest_route=\/wp\/v2\/users\/1"}],"replies":[{"embeddable":true,"href":"https:\/\/www.egemtv.com\/index.php?rest_route=%2Fwp%2Fv2%2Fcomments&post=15791"}],"version-history":[{"count":1,"href":"https:\/\/www.egemtv.com\/index.php?rest_route=\/wp\/v2\/posts\/15791\/revisions"}],"predecessor-version":[{"id":15793,"href":"https:\/\/www.egemtv.com\/index.php?rest_route=\/wp\/v2\/posts\/15791\/revisions\/15793"}],"wp:featuredmedia":[{"embeddable":true,"href":"https:\/\/www.egemtv.com\/index.php?rest_route=\/wp\/v2\/media\/15792"}],"wp:attachment":[{"href":"https:\/\/www.egemtv.com\/index.php?rest_route=%2Fwp%2Fv2%2Fmedia&parent=15791"}],"wp:term":[{"taxonomy":"category","embeddable":true,"href":"https:\/\/www.egemtv.com\/index.php?rest_route=%2Fwp%2Fv2%2Fcategories&post=15791"},{"taxonomy":"post_tag","embeddable":true,"href":"https:\/\/www.egemtv.com\/index.php?rest_route=%2Fwp%2Fv2%2Ftags&post=15791"}],"curies":[{"name":"wp","href":"https:\/\/api.w.org\/{rel}","templated":true}]}}