{"id":15788,"date":"2025-02-05T14:10:53","date_gmt":"2025-02-05T11:10:53","guid":{"rendered":"https:\/\/www.egemtv.com\/?p=15788"},"modified":"2025-02-05T14:10:58","modified_gmt":"2025-02-05T11:10:58","slug":"kusadasinda-deprem-toplantisi-gerceklestirildi","status":"publish","type":"post","link":"https:\/\/www.egemtv.com\/?p=15788","title":{"rendered":"Ku\u015fadas\u0131\u2019nda deprem toplant\u0131s\u0131 ger\u00e7ekle\u015ftirildi"},"content":{"rendered":"<p>Ku\u015fadas\u0131 Kaymakaml\u0131\u011f\u0131\u2019nda, Kaymakam \u0130brahim Keklik ba\u015fkanl\u0131\u011f\u0131nda deprem toplant\u0131s\u0131 ger\u00e7ekle\u015ftirildi.<br \/>\n<br \/>Toplant\u0131n\u0131n ana g\u00fcndem maddesi, Ege Denizi\u2019nde meydana gelen depremler ve bu depremlerin Ku\u015fadas\u0131\u2019na muhtemel etkileri oldu. Afet risklerine kar\u015f\u0131 al\u0131nmas\u0131 gereken \u00f6nlemler, il\u00e7e genelinde y\u00fcr\u00fct\u00fclecek \u00e7al\u0131\u015fmalar ve afet sonras\u0131 koordinasyon konular\u0131 detayl\u0131 bir \u015fekilde ele al\u0131nd\u0131.<br \/>\n<br \/>\u0130lgili kurumlar aras\u0131nda i\u015f birli\u011finin g\u00fc\u00e7lendirilmesi, acil durum planlar\u0131n\u0131n g\u00f6zden ge\u00e7irilmesi ve halk\u0131n bilin\u00e7lendirilmesi ad\u0131na yap\u0131lacak \u00e7al\u0131\u015fmalar\u0131n \u00f6nemine vurgu yap\u0131lan toplant\u0131da, afet senaryolar\u0131na kar\u015f\u0131 haz\u0131rl\u0131kl\u0131 olunmas\u0131 gerekti\u011fi ifade edildi.<br \/>\n<br \/>Kaymakam \u0130brahim Keklik, toplant\u0131n\u0131n sonunda yapt\u0131\u011f\u0131 konu\u015fmada, Ku\u015fadas\u0131\u2019n\u0131n deprem riski ta\u015f\u0131yan bir b\u00f6lgede bulundu\u011funu belirterek, &#8220;Afetlere kar\u015f\u0131 haz\u0131rl\u0131kl\u0131 olmak, koordinasyonu en \u00fcst seviyede tutmak ve halk\u0131m\u0131z\u0131n g\u00fcvenli\u011fini sa\u011flamak \u00f6ncelikli g\u00f6revimizdir. T\u00fcm kurumlar\u0131m\u0131zla i\u015f birli\u011fi i\u00e7inde gerekli tedbirleri almaya devam edece\u011fiz&#8221; dedi.<br \/>\n<br \/>Toplant\u0131ya \u0130l Afet ve Acil Durum (AFAD) M\u00fcd\u00fcr\u00fc Yal\u00e7\u0131n Mumcu ve AFAD g\u00f6revlileri, Ku\u015fadas\u0131 Belediye Ba\u015fkan\u0131 \u00d6mer G\u00fcnel, Ayd\u0131n Adnan Menderes \u00dcniversitesi Turizm Fak\u00fcltesi Dekan\u0131 Prof. Dr. O. Nuri \u00d6zdo\u011fan, Ku\u015fadas\u0131 Ticaret Odas\u0131 Ba\u015fkan\u0131 Serdar Akdo\u011fan, Egeport Liman \u0130\u015fletmeleri Genel M\u00fcd\u00fcr\u00fc Aziz G\u00fcng\u00f6r, di\u011fer oda ba\u015fkanlar\u0131 ve t\u00fcm kurum m\u00fcd\u00fcrleri kat\u0131l\u0131m sa\u011flad\u0131.<br \/><\/p>\n","protected":false},"excerpt":{"rendered":"<p>Ku\u015fadas\u0131 Kaymakaml\u0131\u011f\u0131\u2019nda, Kaymakam \u0130brahim Keklik ba\u015fkanl\u0131\u011f\u0131nda deprem toplant\u0131s\u0131 ger\u00e7ekle\u015ftirildi. Toplant\u0131n\u0131n ana g\u00fcndem maddesi, Ege Denizi\u2019nde meydana gelen depremler ve bu depremlerin Ku\u015fadas\u0131\u2019na muhtemel etkileri oldu. Afet risklerine kar\u015f\u0131 al\u0131nmas\u0131 gereken \u00f6nlemler, il\u00e7e genelinde y\u00fcr\u00fct\u00fclecek \u00e7al\u0131\u015fmalar ve afet sonras\u0131 koordinasyon konular\u0131 detayl\u0131 bir \u015fekilde ele al\u0131nd\u0131. \u0130lgili kurumlar aras\u0131nda i\u015f birli\u011finin g\u00fc\u00e7lendirilmesi, acil durum planlar\u0131n\u0131n g\u00f6zden&#8230;<\/p>\n","protected":false},"author":1,"featured_media":15789,"comment_status":"open","ping_status":"open","sticky":false,"template":"","format":"standard","meta":{"_crdt_document":"","footnotes":""},"categories":[1],"tags":[],"class_list":["post-15788","post","type-post","status-publish","format-standard","has-post-thumbnail","hentry","category-guncel"],"_links":{"self":[{"href":"https:\/\/www.egemtv.com\/index.php?rest_route=\/wp\/v2\/posts\/15788","targetHints":{"allow":["GET"]}}],"collection":[{"href":"https:\/\/www.egemtv.com\/index.php?rest_route=\/wp\/v2\/posts"}],"about":[{"href":"https:\/\/www.egemtv.com\/index.php?rest_route=\/wp\/v2\/types\/post"}],"author":[{"embeddable":true,"href":"https:\/\/www.egemtv.com\/index.php?rest_route=\/wp\/v2\/users\/1"}],"replies":[{"embeddable":true,"href":"https:\/\/www.egemtv.com\/index.php?rest_route=%2Fwp%2Fv2%2Fcomments&post=15788"}],"version-history":[{"count":1,"href":"https:\/\/www.egemtv.com\/index.php?rest_route=\/wp\/v2\/posts\/15788\/revisions"}],"predecessor-version":[{"id":15790,"href":"https:\/\/www.egemtv.com\/index.php?rest_route=\/wp\/v2\/posts\/15788\/revisions\/15790"}],"wp:featuredmedia":[{"embeddable":true,"href":"https:\/\/www.egemtv.com\/index.php?rest_route=\/wp\/v2\/media\/15789"}],"wp:attachment":[{"href":"https:\/\/www.egemtv.com\/index.php?rest_route=%2Fwp%2Fv2%2Fmedia&parent=15788"}],"wp:term":[{"taxonomy":"category","embeddable":true,"href":"https:\/\/www.egemtv.com\/index.php?rest_route=%2Fwp%2Fv2%2Fcategories&post=15788"},{"taxonomy":"post_tag","embeddable":true,"href":"https:\/\/www.egemtv.com\/index.php?rest_route=%2Fwp%2Fv2%2Ftags&post=15788"}],"curies":[{"name":"wp","href":"https:\/\/api.w.org\/{rel}","templated":true}]}}