{"id":15734,"date":"2025-02-05T12:42:53","date_gmt":"2025-02-05T09:42:53","guid":{"rendered":"https:\/\/www.egemtv.com\/?p=15734"},"modified":"2025-02-05T12:43:00","modified_gmt":"2025-02-05T09:43:00","slug":"aydindan-calinan-otomobil-jandarma-ekiplerince-denizlide-bulundu","status":"publish","type":"post","link":"https:\/\/www.egemtv.com\/?p=15734","title":{"rendered":"Ayd\u0131n\u2019dan \u00e7al\u0131nan otomobil, jandarma ekiplerince Denizli\u2019de bulundu"},"content":{"rendered":"<p>Ayd\u0131n\u2019\u0131n Nazilli il\u00e7esinde \u00e7al\u0131nan otomobil, jandarma ekiplerinin detayl\u0131 ara\u015ft\u0131rmas\u0131 sonucunda Denizli\u2019de bulundu.<br \/>\n<br \/>Ayd\u0131n\u2019\u0131n Nazilli il\u00e7esi Pirlibey Mahallesi\u2019nde ge\u00e7ti\u011fimiz 2 \u015eubat g\u00fcn\u00fc M.K. isimli \u015fahs\u0131n evinin \u00f6n\u00fcnde kap\u0131s\u0131 a\u00e7\u0131k ve \u00fczerinde kontak anahtar\u0131 bulunan ara\u00e7 kimli\u011fi belirsiz \u015fah\u0131s ya da \u015fah\u0131slarca \u00e7al\u0131nd\u0131. \u0130hbar \u00fczerine b\u00f6lgeye sevk edilen Nazilli \u0130l\u00e7e Jandarma Komutanl\u0131\u011f\u0131 Jandarma Su\u00e7 Ara\u015ft\u0131rma Timi (JASAT) ve Merkez Jandarma Karakol Komutanl\u0131\u011f\u0131 ekiplerince \u00e7al\u0131\u015fma ba\u015flat\u0131ld\u0131. Yap\u0131lan detayl\u0131 ara\u015ft\u0131rmalar sonucunda \u00e7al\u0131nan arac\u0131n Denizli\u2019de oldu\u011fu tespit edildi. \u00c7al\u0131\u015fmalar\u0131n\u0131 derinle\u015ftiren ekipler, h\u0131rs\u0131zl\u0131k olay\u0131n\u0131 Y.K. isimli \u015f\u00fcpheli \u015fahs\u0131n ger\u00e7ekle\u015ftirerek ara\u00e7 ile Denizli\u2019ye gitti\u011fini ve Denizli\u2019de arac\u0131 M.K. isimli \u015fahsa verdi\u011fi tespit edildi. \u015e\u00fcphelilerin yakalanmas\u0131 i\u00e7iin harekete ge\u00e7en jandarma ekipleri, her iki \u015f\u00fcpheliyi yap\u0131lan operasyon ile yakalad\u0131. Ayr\u0131ca \u015f\u00fcphelilerin yakalanmamak amac\u0131yla \u00e7ald\u0131klar\u0131 ba\u015fka bir araca ait plakay\u0131 kullanarak h\u0131rs\u0131zl\u0131k olay\u0131n\u0131 ger\u00e7ekle\u015ftirdikleri tespit edildi. \u00c7al\u0131nan ara\u00e7 Denizli\u2019de bulunarak ruhsat sahibine teslim edilirken, \u015f\u00fcpheliler hakk\u0131nda ba\u015flat\u0131lan adli s\u00fcre\u00e7 devam ediyor.<br \/><\/p>\n","protected":false},"excerpt":{"rendered":"<p>Ayd\u0131n\u2019\u0131n Nazilli il\u00e7esinde \u00e7al\u0131nan otomobil, jandarma ekiplerinin detayl\u0131 ara\u015ft\u0131rmas\u0131 sonucunda Denizli\u2019de bulundu. Ayd\u0131n\u2019\u0131n Nazilli il\u00e7esi Pirlibey Mahallesi\u2019nde ge\u00e7ti\u011fimiz 2 \u015eubat g\u00fcn\u00fc M.K. isimli \u015fahs\u0131n evinin \u00f6n\u00fcnde kap\u0131s\u0131 a\u00e7\u0131k ve \u00fczerinde kontak anahtar\u0131 bulunan ara\u00e7 kimli\u011fi belirsiz \u015fah\u0131s ya da \u015fah\u0131slarca \u00e7al\u0131nd\u0131. \u0130hbar \u00fczerine b\u00f6lgeye sevk edilen Nazilli \u0130l\u00e7e Jandarma Komutanl\u0131\u011f\u0131 Jandarma Su\u00e7 Ara\u015ft\u0131rma Timi (JASAT)&#8230;<\/p>\n","protected":false},"author":1,"featured_media":15735,"comment_status":"open","ping_status":"open","sticky":false,"template":"","format":"standard","meta":{"_crdt_document":"","footnotes":""},"categories":[5],"tags":[],"class_list":["post-15734","post","type-post","status-publish","format-standard","has-post-thumbnail","hentry","category-asayis"],"_links":{"self":[{"href":"https:\/\/www.egemtv.com\/index.php?rest_route=\/wp\/v2\/posts\/15734","targetHints":{"allow":["GET"]}}],"collection":[{"href":"https:\/\/www.egemtv.com\/index.php?rest_route=\/wp\/v2\/posts"}],"about":[{"href":"https:\/\/www.egemtv.com\/index.php?rest_route=\/wp\/v2\/types\/post"}],"author":[{"embeddable":true,"href":"https:\/\/www.egemtv.com\/index.php?rest_route=\/wp\/v2\/users\/1"}],"replies":[{"embeddable":true,"href":"https:\/\/www.egemtv.com\/index.php?rest_route=%2Fwp%2Fv2%2Fcomments&post=15734"}],"version-history":[{"count":1,"href":"https:\/\/www.egemtv.com\/index.php?rest_route=\/wp\/v2\/posts\/15734\/revisions"}],"predecessor-version":[{"id":15736,"href":"https:\/\/www.egemtv.com\/index.php?rest_route=\/wp\/v2\/posts\/15734\/revisions\/15736"}],"wp:featuredmedia":[{"embeddable":true,"href":"https:\/\/www.egemtv.com\/index.php?rest_route=\/wp\/v2\/media\/15735"}],"wp:attachment":[{"href":"https:\/\/www.egemtv.com\/index.php?rest_route=%2Fwp%2Fv2%2Fmedia&parent=15734"}],"wp:term":[{"taxonomy":"category","embeddable":true,"href":"https:\/\/www.egemtv.com\/index.php?rest_route=%2Fwp%2Fv2%2Fcategories&post=15734"},{"taxonomy":"post_tag","embeddable":true,"href":"https:\/\/www.egemtv.com\/index.php?rest_route=%2Fwp%2Fv2%2Ftags&post=15734"}],"curies":[{"name":"wp","href":"https:\/\/api.w.org\/{rel}","templated":true}]}}