{"id":15731,"date":"2025-02-05T12:41:28","date_gmt":"2025-02-05T09:41:28","guid":{"rendered":"https:\/\/www.egemtv.com\/?p=15731"},"modified":"2025-02-05T12:41:34","modified_gmt":"2025-02-05T09:41:34","slug":"bayrakli-belediyesinden-ucretsiz-psikolojik-danismanlik-hizmeti","status":"publish","type":"post","link":"https:\/\/www.egemtv.com\/?p=15731","title":{"rendered":"Bayrakl\u0131 Belediyesinden \u00fccretsiz psikolojik dan\u0131\u015fmanl\u0131k hizmeti"},"content":{"rendered":"<p>Bayrakl\u0131 Belediyesi, vatanda\u015flar\u0131 psikolojik a\u00e7\u0131dan desteklemek amac\u0131yla sundu\u011fu \u00fccretsiz dan\u0131\u015fmanl\u0131k hizmetine devam ediyor. Son 1 y\u0131lda 418 ki\u015finin faydaland\u0131\u011f\u0131 Aile Dan\u0131\u015fma ve E\u011fitim Merkezi\u2019nde aile i\u00e7i ileti\u015fimden ergen sorunlar\u0131na ve s\u0131nav kayg\u0131s\u0131na kadar bir\u00e7ok konuda uzman deste\u011fi sa\u011flan\u0131yor. Bayrakl\u0131 Belediye Ba\u015fkan\u0131 \u0130rfan \u00d6nal, &#8220;Kad\u0131nlar, \u00e7ocuklar ve gen\u00e7ler ba\u015fta olmak \u00fczere t\u00fcm vatanda\u015flar\u0131m\u0131za psikolojik dan\u0131\u015fmanl\u0131k hizmetimizle destek sa\u011fl\u0131yoruz. Bayrakl\u0131\u2019da kimsenin kendisini yaln\u0131z hissetmemesi i\u00e7in sosyal \u00e7al\u0131\u015fmalar\u0131m\u0131z\u0131 s\u00fcrd\u00fcr\u00fcyoruz&#8221; dedi.<br \/>\n<br \/>Bayrakl\u0131 Belediyesi Sosyal Yard\u0131m \u0130\u015fleri M\u00fcd\u00fcrl\u00fc\u011f\u00fc b\u00fcnyesinde faaliyet g\u00f6steren Aile Dan\u0131\u015fma ve E\u011fitim Merkezi, Bayrakl\u0131\u2019da ya\u015fayan aileler, kad\u0131nlar, \u00e7ocuklar ve gen\u00e7ler i\u00e7in \u00fccretsiz psikolojik dan\u0131\u015fmanl\u0131k hizmeti sunuyor. Kad\u0131na y\u00f6nelik \u015fiddet, aile i\u00e7i ileti\u015fim sorunlar\u0131, ebeveyn \u00e7ocuk ili\u015fkileri, evlilik sorunlar\u0131, ergen sorunlar\u0131, evlilik \u00f6ncesi sorunlar, okul \u00e7a\u011f\u0131ndaki \u00e7ocuklarda ve gen\u00e7lerde verimli ders \u00e7al\u0131\u015fmama, s\u0131nav kayg\u0131s\u0131 gibi konularda vatanda\u015flara rehberlik eden merkez, bireylere ve gruplara y\u00f6nelik bilin\u00e7lendirici ve \u00f6nleyici e\u011fitim \u00e7al\u0131\u015fmalar\u0131 da y\u00fcr\u00fct\u00fcyor. Bayrakl\u0131 Belediyesi, Org. Nafiz G\u00fcrman K\u00fclt\u00fcr Merkezi\u2019nde g\u00f6revli Sosyolog ve Aile Dan\u0131\u015fman\u0131 Sibel \u00d6zel taraf\u0131ndan ger\u00e7ekle\u015ftirilen seanslar \u00fccretsiz olarak veriliyor. Bu hizmetten 2024 y\u0131l\u0131nda 418 ki\u015fi yararland\u0131. Aile dan\u0131\u015fma merkezine ba\u015fvurmak isteyenler Bayrakl\u0131 Belediyesi Nafiz G\u00fcrman K\u00fclt\u00fcr Merkezi binas\u0131na giderek ya da 0232 477 20 00 telefon numaras\u0131ndan dahili 3087\u2019yi tu\u015flayarak randevu alabiliyor.<\/p>\n<p>&#8220;Vatanda\u015flar\u0131m\u0131z\u0131n yan\u0131nday\u0131z&#8221;<br \/>\n<br \/>Bayrakl\u0131 Belediye Ba\u015fkan\u0131 \u0130rfan \u00d6nal, sosyal belediyecilik anlay\u0131\u015f\u0131yla psikolojik destek hizmetlerini s\u00fcrd\u00fcrd\u00fcklerini belirterek, &#8220;Vatanda\u015flar\u0131m\u0131z\u0131n ya\u015fam kalitesini art\u0131rmak, onlar\u0131n yan\u0131nda olmak ve sorunlar\u0131na \u00e7\u00f6z\u00fcm \u00fcretmek i\u00e7in destek oluyoruz. Aile Dan\u0131\u015fma ve E\u011fitim Merkezimizle, \u00f6zellikle kad\u0131nlar, \u00e7ocuklar ve gen\u00e7ler ba\u015fta olmak \u00fczere t\u00fcm hem\u015fehrilerimize destek sunuyoruz. Psikolojik dan\u0131\u015fmanl\u0131k hizmetimizle onlar\u0131n hayatlar\u0131na dokunarak daha sa\u011fl\u0131kl\u0131 ve mutlu bireyler olmalar\u0131na katk\u0131 sa\u011fl\u0131yoruz. Bayrakl\u0131\u2019da kimsenin kendisini yaln\u0131z hissetmesini istemiyoruz ve bu kapsamda hizmetlerimize devam edece\u011fiz&#8221; dedi.<br \/><\/p>\n","protected":false},"excerpt":{"rendered":"<p>Bayrakl\u0131 Belediyesi, vatanda\u015flar\u0131 psikolojik a\u00e7\u0131dan desteklemek amac\u0131yla sundu\u011fu \u00fccretsiz dan\u0131\u015fmanl\u0131k hizmetine devam ediyor. Son 1 y\u0131lda 418 ki\u015finin faydaland\u0131\u011f\u0131 Aile Dan\u0131\u015fma ve E\u011fitim Merkezi\u2019nde aile i\u00e7i ileti\u015fimden ergen sorunlar\u0131na ve s\u0131nav kayg\u0131s\u0131na kadar bir\u00e7ok konuda uzman deste\u011fi sa\u011flan\u0131yor. Bayrakl\u0131 Belediye Ba\u015fkan\u0131 \u0130rfan \u00d6nal, &#8220;Kad\u0131nlar, \u00e7ocuklar ve gen\u00e7ler ba\u015fta olmak \u00fczere t\u00fcm vatanda\u015flar\u0131m\u0131za psikolojik dan\u0131\u015fmanl\u0131k hizmetimizle&#8230;<\/p>\n","protected":false},"author":1,"featured_media":15732,"comment_status":"open","ping_status":"open","sticky":false,"template":"","format":"standard","meta":{"_crdt_document":"","footnotes":""},"categories":[123],"tags":[],"class_list":["post-15731","post","type-post","status-publish","format-standard","has-post-thumbnail","hentry","category-gundem"],"_links":{"self":[{"href":"https:\/\/www.egemtv.com\/index.php?rest_route=\/wp\/v2\/posts\/15731","targetHints":{"allow":["GET"]}}],"collection":[{"href":"https:\/\/www.egemtv.com\/index.php?rest_route=\/wp\/v2\/posts"}],"about":[{"href":"https:\/\/www.egemtv.com\/index.php?rest_route=\/wp\/v2\/types\/post"}],"author":[{"embeddable":true,"href":"https:\/\/www.egemtv.com\/index.php?rest_route=\/wp\/v2\/users\/1"}],"replies":[{"embeddable":true,"href":"https:\/\/www.egemtv.com\/index.php?rest_route=%2Fwp%2Fv2%2Fcomments&post=15731"}],"version-history":[{"count":1,"href":"https:\/\/www.egemtv.com\/index.php?rest_route=\/wp\/v2\/posts\/15731\/revisions"}],"predecessor-version":[{"id":15733,"href":"https:\/\/www.egemtv.com\/index.php?rest_route=\/wp\/v2\/posts\/15731\/revisions\/15733"}],"wp:featuredmedia":[{"embeddable":true,"href":"https:\/\/www.egemtv.com\/index.php?rest_route=\/wp\/v2\/media\/15732"}],"wp:attachment":[{"href":"https:\/\/www.egemtv.com\/index.php?rest_route=%2Fwp%2Fv2%2Fmedia&parent=15731"}],"wp:term":[{"taxonomy":"category","embeddable":true,"href":"https:\/\/www.egemtv.com\/index.php?rest_route=%2Fwp%2Fv2%2Fcategories&post=15731"},{"taxonomy":"post_tag","embeddable":true,"href":"https:\/\/www.egemtv.com\/index.php?rest_route=%2Fwp%2Fv2%2Ftags&post=15731"}],"curies":[{"name":"wp","href":"https:\/\/api.w.org\/{rel}","templated":true}]}}