{"id":15728,"date":"2025-02-05T12:41:22","date_gmt":"2025-02-05T09:41:22","guid":{"rendered":"https:\/\/www.egemtv.com\/?p=15728"},"modified":"2025-02-05T12:41:28","modified_gmt":"2025-02-05T09:41:28","slug":"jandarmadan-sigara-kacakciligi-operasyonu-1-milyon-900-bin-tl-degerinde-malzeme-ele-gecirildi","status":"publish","type":"post","link":"https:\/\/www.egemtv.com\/?p=15728","title":{"rendered":"Jandarmadan sigara ka\u00e7ak\u00e7\u0131l\u0131\u011f\u0131 operasyonu: 1 milyon 900 bin TL de\u011ferinde malzeme ele ge\u00e7irildi"},"content":{"rendered":"<p>Ayd\u0131n\u2019\u0131n Ku\u015fadas\u0131 il\u00e7esinde jandarma ekipleri taraf\u0131ndan ger\u00e7ekle\u015ftirilen ka\u00e7ak sigara operasyonunda piyasa de\u011feri yakla\u015f\u0131k 1 milyon 900 bin TL de\u011ferinde malzeme ele ge\u00e7irildi.<\/p>\n<p>Edinilen bilgiye g\u00f6re, Ayd\u0131n \u0130l Jandarma Komutanl\u0131\u011f\u0131 KOM \u015eube M\u00fcd\u00fcrl\u00fc\u011f\u00fc ve Ku\u015fadas\u0131 \u0130l\u00e7e Jandarma Komutanl\u0131\u011f\u0131 taraf\u0131ndan sigara ka\u00e7ak\u00e7\u0131l\u0131\u011f\u0131na y\u00f6nelik koordineli \u00e7al\u0131\u015fmalar neticesinde operasyon i\u00e7in d\u00fc\u011fmeye bas\u0131ld\u0131. Ku\u015fadas\u0131\u2019nda ka\u00e7ak sigara \u00fcretimi ve sat\u0131\u015f\u0131 yapan M.B., \u015e.B. ve F.T. isimli \u015f\u00fcpheli \u015fah\u0131slar\u0131n ikametinde yap\u0131lan aramada piyasa de\u011feri yakla\u015f\u0131k 1 milyon 900 bin TL de\u011ferinde, 2.100.000 adet i\u00e7i t\u00fct\u00fcn doldurulmu\u015f makaron, bin 250 adet bo\u015f makaron, 245 kilogram k\u0131y\u0131lm\u0131\u015f t\u00fct\u00fcn, 1 adet sigara sarma makinesi, 2 adet hava kompres\u00f6r\u00fc ele ge\u00e7irildi. G\u00f6zalt\u0131na al\u0131nan \u015fah\u0131slar hakk\u0131nda adli ve idari s\u00fcrecin s\u00fcrd\u00fc\u011f\u00fc \u00f6\u011frenildi.<br \/><\/p>\n","protected":false},"excerpt":{"rendered":"<p>Ayd\u0131n\u2019\u0131n Ku\u015fadas\u0131 il\u00e7esinde jandarma ekipleri taraf\u0131ndan ger\u00e7ekle\u015ftirilen ka\u00e7ak sigara operasyonunda piyasa de\u011feri yakla\u015f\u0131k 1 milyon 900 bin TL de\u011ferinde malzeme ele ge\u00e7irildi. Edinilen bilgiye g\u00f6re, Ayd\u0131n \u0130l Jandarma Komutanl\u0131\u011f\u0131 KOM \u015eube M\u00fcd\u00fcrl\u00fc\u011f\u00fc ve Ku\u015fadas\u0131 \u0130l\u00e7e Jandarma Komutanl\u0131\u011f\u0131 taraf\u0131ndan sigara ka\u00e7ak\u00e7\u0131l\u0131\u011f\u0131na y\u00f6nelik koordineli \u00e7al\u0131\u015fmalar neticesinde operasyon i\u00e7in d\u00fc\u011fmeye bas\u0131ld\u0131. Ku\u015fadas\u0131\u2019nda ka\u00e7ak sigara \u00fcretimi ve sat\u0131\u015f\u0131 yapan&#8230;<\/p>\n","protected":false},"author":1,"featured_media":15729,"comment_status":"open","ping_status":"open","sticky":false,"template":"","format":"standard","meta":{"_crdt_document":"","footnotes":""},"categories":[5],"tags":[],"class_list":["post-15728","post","type-post","status-publish","format-standard","has-post-thumbnail","hentry","category-asayis"],"_links":{"self":[{"href":"https:\/\/www.egemtv.com\/index.php?rest_route=\/wp\/v2\/posts\/15728","targetHints":{"allow":["GET"]}}],"collection":[{"href":"https:\/\/www.egemtv.com\/index.php?rest_route=\/wp\/v2\/posts"}],"about":[{"href":"https:\/\/www.egemtv.com\/index.php?rest_route=\/wp\/v2\/types\/post"}],"author":[{"embeddable":true,"href":"https:\/\/www.egemtv.com\/index.php?rest_route=\/wp\/v2\/users\/1"}],"replies":[{"embeddable":true,"href":"https:\/\/www.egemtv.com\/index.php?rest_route=%2Fwp%2Fv2%2Fcomments&post=15728"}],"version-history":[{"count":1,"href":"https:\/\/www.egemtv.com\/index.php?rest_route=\/wp\/v2\/posts\/15728\/revisions"}],"predecessor-version":[{"id":15730,"href":"https:\/\/www.egemtv.com\/index.php?rest_route=\/wp\/v2\/posts\/15728\/revisions\/15730"}],"wp:featuredmedia":[{"embeddable":true,"href":"https:\/\/www.egemtv.com\/index.php?rest_route=\/wp\/v2\/media\/15729"}],"wp:attachment":[{"href":"https:\/\/www.egemtv.com\/index.php?rest_route=%2Fwp%2Fv2%2Fmedia&parent=15728"}],"wp:term":[{"taxonomy":"category","embeddable":true,"href":"https:\/\/www.egemtv.com\/index.php?rest_route=%2Fwp%2Fv2%2Fcategories&post=15728"},{"taxonomy":"post_tag","embeddable":true,"href":"https:\/\/www.egemtv.com\/index.php?rest_route=%2Fwp%2Fv2%2Ftags&post=15728"}],"curies":[{"name":"wp","href":"https:\/\/api.w.org\/{rel}","templated":true}]}}