{"id":15725,"date":"2025-02-05T12:41:19","date_gmt":"2025-02-05T09:41:19","guid":{"rendered":"https:\/\/www.egemtv.com\/?p=15725"},"modified":"2025-02-05T12:41:22","modified_gmt":"2025-02-05T09:41:22","slug":"minikler-polislere-unutamayacaklari-bir-nostalji-yasattilar","status":"publish","type":"post","link":"https:\/\/www.egemtv.com\/?p=15725","title":{"rendered":"Minikler polislere unutamayacaklar\u0131 bir nostalji ya\u015fatt\u0131lar"},"content":{"rendered":"<p>Afyonkarahisar\u2019\u0131n 2.\u2019nci s\u0131n\u0131fta e\u011fitim g\u00f6ren minikler polislere unutamayacaklar\u0131 bir nostalji ya\u015fatt\u0131lar.<br \/>\n<br \/>S\u00fcl\u00fcmenli \u0130lkokulu 2-A s\u0131n\u0131f\u0131 \u00f6\u011frencilerinin hayatlar\u0131ndaki ilk kartpostallar\u0131n\u0131 \u0130l Emniyet M\u00fcd\u00fcrl\u00fc\u011f\u00fcnde g\u00f6rev yapan polis a\u011fabeyi ve ablalar\u0131na verdiler. Ger\u00e7ekle\u015ftirilen ve nostalji kokan etkinlikle ilgili kurumun sosyal medya hesab\u0131ndan yap\u0131lan a\u00e7\u0131klamada ise &#8220;Gelece\u011fin teminat\u0131 yavrular\u0131m\u0131z\u0131 ince d\u00fc\u015f\u00fcncelerinden dolay\u0131 s\u00fcrpriz bir \u015fekilde s\u0131n\u0131flar\u0131nda ziyaret ettik. Takdim edilen hediyeler ve \u00e7ekilen hat\u0131ra foto\u011fraf\u0131n\u0131n ard\u0131ndan \u00f6\u011frencilerimize e\u011fitim-\u00f6\u011fretim hayatlar\u0131nda ba\u015far\u0131lar dileyerek vedala\u015ft\u0131k&#8221; ifadelerine yer verildi.<br \/><\/p>\n","protected":false},"excerpt":{"rendered":"<p>Afyonkarahisar\u2019\u0131n 2.\u2019nci s\u0131n\u0131fta e\u011fitim g\u00f6ren minikler polislere unutamayacaklar\u0131 bir nostalji ya\u015fatt\u0131lar. S\u00fcl\u00fcmenli \u0130lkokulu 2-A s\u0131n\u0131f\u0131 \u00f6\u011frencilerinin hayatlar\u0131ndaki ilk kartpostallar\u0131n\u0131 \u0130l Emniyet M\u00fcd\u00fcrl\u00fc\u011f\u00fcnde g\u00f6rev yapan polis a\u011fabeyi ve ablalar\u0131na verdiler. Ger\u00e7ekle\u015ftirilen ve nostalji kokan etkinlikle ilgili kurumun sosyal medya hesab\u0131ndan yap\u0131lan a\u00e7\u0131klamada ise &#8220;Gelece\u011fin teminat\u0131 yavrular\u0131m\u0131z\u0131 ince d\u00fc\u015f\u00fcncelerinden dolay\u0131 s\u00fcrpriz bir \u015fekilde s\u0131n\u0131flar\u0131nda ziyaret ettik. Takdim&#8230;<\/p>\n","protected":false},"author":1,"featured_media":15726,"comment_status":"open","ping_status":"open","sticky":false,"template":"","format":"standard","meta":{"_crdt_document":"","footnotes":""},"categories":[1],"tags":[],"class_list":["post-15725","post","type-post","status-publish","format-standard","has-post-thumbnail","hentry","category-guncel"],"_links":{"self":[{"href":"https:\/\/www.egemtv.com\/index.php?rest_route=\/wp\/v2\/posts\/15725","targetHints":{"allow":["GET"]}}],"collection":[{"href":"https:\/\/www.egemtv.com\/index.php?rest_route=\/wp\/v2\/posts"}],"about":[{"href":"https:\/\/www.egemtv.com\/index.php?rest_route=\/wp\/v2\/types\/post"}],"author":[{"embeddable":true,"href":"https:\/\/www.egemtv.com\/index.php?rest_route=\/wp\/v2\/users\/1"}],"replies":[{"embeddable":true,"href":"https:\/\/www.egemtv.com\/index.php?rest_route=%2Fwp%2Fv2%2Fcomments&post=15725"}],"version-history":[{"count":1,"href":"https:\/\/www.egemtv.com\/index.php?rest_route=\/wp\/v2\/posts\/15725\/revisions"}],"predecessor-version":[{"id":15727,"href":"https:\/\/www.egemtv.com\/index.php?rest_route=\/wp\/v2\/posts\/15725\/revisions\/15727"}],"wp:featuredmedia":[{"embeddable":true,"href":"https:\/\/www.egemtv.com\/index.php?rest_route=\/wp\/v2\/media\/15726"}],"wp:attachment":[{"href":"https:\/\/www.egemtv.com\/index.php?rest_route=%2Fwp%2Fv2%2Fmedia&parent=15725"}],"wp:term":[{"taxonomy":"category","embeddable":true,"href":"https:\/\/www.egemtv.com\/index.php?rest_route=%2Fwp%2Fv2%2Fcategories&post=15725"},{"taxonomy":"post_tag","embeddable":true,"href":"https:\/\/www.egemtv.com\/index.php?rest_route=%2Fwp%2Fv2%2Ftags&post=15725"}],"curies":[{"name":"wp","href":"https:\/\/api.w.org\/{rel}","templated":true}]}}