{"id":15716,"date":"2025-02-05T12:21:04","date_gmt":"2025-02-05T09:21:04","guid":{"rendered":"https:\/\/www.egemtv.com\/?p=15716"},"modified":"2025-02-05T12:21:09","modified_gmt":"2025-02-05T09:21:09","slug":"musiad-yonetimi-basinla-bir-araya-geldi","status":"publish","type":"post","link":"https:\/\/www.egemtv.com\/?p=15716","title":{"rendered":"M\u00dcS\u0130AD Y\u00f6netimi bas\u0131nla bir araya geldi"},"content":{"rendered":"<p>M\u00fcstakil Sanayici ve \u0130\u015fadamlar\u0131 Derne\u011fi (M\u00dcS\u0130AD) Manisa \u015eubesinin yeni se\u00e7ilen ba\u015fkan\u0131 M\u00fccahit K\u0131z\u0131lg\u00fcney ve y\u00f6netimi bas\u0131n mensuplar\u0131yla bir araya gelerek hem y\u00f6netimini tan\u0131tt\u0131 hem de yeni d\u00f6nemdeki hedeflerini a\u00e7\u0131klad\u0131.<br \/>\n<br \/>M\u00dcS\u0130AD Manisa \u015eubesi Y\u00f6netim Kurulu Ba\u015fkan\u0131 M\u00fccahit K\u0131z\u0131lg\u00fcney ve y\u00f6netimi Manisal\u0131 bas\u0131n mensuplar\u0131n\u0131 a\u011f\u0131rlad\u0131. Toplant\u0131da hem y\u00f6netimini tan\u0131tan Ba\u015fkan K\u0131z\u0131lg\u00fcney, yeni d\u00f6nemdeki hedeflerini de a\u00e7\u0131klad\u0131. Manisa sanayisinin g\u00fcc\u00fcn\u00fc daha da ileriye ta\u015f\u0131mak amac\u0131yla yola \u00e7\u0131kt\u0131klar\u0131n\u0131 belirten Ba\u015fkan K\u0131z\u0131lg\u00fcney, &#8220;M\u00dcS\u0130AD Manisa olarak, sanayimizin g\u00fcc\u00fcn\u00fc daha da ileriye ta\u015f\u0131mak, nitelikli i\u015f g\u00fcc\u00fcn\u00fc art\u0131rmak ve gen\u00e7lerimize yen ufuklar a\u00e7mak i\u00e7in \u00fcniversitelerimiz ve meslek liselerimizle g\u00fc\u00e7l\u00fc i\u015f birlikleri kuraca\u011f\u0131z. Manisa, T\u00fcrkiye\u2019nin en \u00f6nemli sanayi ve \u00fcretim merkezlerinden birdir. Ancak sanayi ve \u00fcretim g\u00fcc\u00fcm\u00fcz\u00fc en verimli \u015fekilde kullanabilmek i\u00e7in, bilgiyle, inovasyonla ve g\u00fc\u00e7l\u00fc insan kayna\u011f\u0131yla desteklememiz gerekiyor. Bu noktada, \u00fcniversite-sanayi i\u015f birli\u011fi ve meslek liselerimizle kuraca\u011f\u0131m\u0131z hamilik projeler, Manisa\u2019n\u0131n potansiyelini en \u00fcst seviyeye \u00e7\u0131karmak ad\u0131na b\u00fcy\u00fck bir f\u0131rsat sunmaktad\u0131r. \u00dcniversite-Sanayi \u0130\u015f Birli\u011fi: Gelece\u011fi \u015eekillendiren G\u00fc\u00e7 Bug\u00fcn\u00fcn d\u00fcnyas\u0131nda bilgiye dayal\u0131 \u00fcretim, s\u00fcrd\u00fcr\u00fclebilir b\u00fcy\u00fcmenin en \u00f6nemli anahtarlar\u0131ndan biridir. Bilim ve teknolojiye yat\u0131r\u0131m yapmadan, inovasyonu desteklemeden, k\u00fcresel rekabette g\u00fc\u00e7l\u00fc bir konuma gelmek m\u00fcmk\u00fcn de\u011fildir. \u0130\u015fte tam da bu nedenle, Manisa\u2019daki \u00fcniversitelerimizle ortak projeler geli\u015ftirmeye ba\u015fl\u0131yoruz. \u00dcniversitelerimizdeki akademik bilgi ve sanayimizin \u00fcretim g\u00fcc\u00fcn\u00fc birle\u015ftirerek Ar-Ge projeleri geli\u015ftirece\u011fiz. \u00dcniversite \u00f6\u011frencilerimizin sanayi tesislerinde staj yapmas\u0131n\u0131 ve uygulamal\u0131 e\u011fitim almas\u0131n\u0131 sa\u011flayaca\u011f\u0131z. Sanayicilerimizin ihtiya\u00e7 duydu\u011fu nitelikli i\u015f g\u00fcc\u00fcn\u00fc yeti\u015ftirmek i\u00e7in \u00fcniversitelerimizle ortak e\u011fitim programlar\u0131 olu\u015fturaca\u011f\u0131z. \u00d6\u011frencilerimizin giri\u015fimcilik ekosistemine dahil olmas\u0131n\u0131 destekleyerek yenilik\u00e7i startup projelerini te\u015fvik edece\u011fiz. \u00dcniversitelerimizde d\u00fczenlenecek seminerler, \u00e7al\u0131\u015ftaylar ve ortak projelerle bilim d\u00fcnyas\u0131n\u0131 sanayicilerimizle bulu\u015fturaca\u011f\u0131z. Bu projelerle hedefimiz, sanayimizi teknolojiyle, inovasyonla ve akademik bilgiyle bulu\u015fturmak, Manisa\u2019n\u0131n sanayi g\u00fcc\u00fcn\u00fc daha da ileriye ta\u015f\u0131makt\u0131r&#8221; dedi.<br \/>\n<br \/>Meslek liselerinin g\u00fcc\u00fcyle sanayinin g\u00fcc\u00fcn\u00fc birle\u015ftireceklerini kaydeden Ba\u015fkan K\u0131z\u0131lg\u00fcney, &#8220;Bug\u00fcn geli\u015fmi\u015f ekonomilere bakt\u0131\u011f\u0131m\u0131zda, meslek liseleri ve teknik e\u011fitim kurumlar\u0131n\u0131n sanayiyle entegre \u015fekilde \u00e7al\u0131\u015ft\u0131\u011f\u0131n\u0131 g\u00f6r\u00fcyoruz. Biz de Manisa\u2019da ayn\u0131 modeli hayata ge\u00e7irmek i\u00e7in meslek liselerimizle hamilik projeleri ba\u015flat\u0131yoruz. Bu kapsamda; Sanayicilerimiz ve meslek liselerimiz aras\u0131nda birebir e\u015fle\u015fmeler yaparak \u00f6\u011frencilere rehberlik sa\u011flayaca\u011f\u0131z. Meslek liselerindeki \u00f6\u011frencilerimizi sanayiye adapte etmek i\u00e7in \u00fcretim tesislerinde uygulamal\u0131 e\u011fitim programlar\u0131 olu\u015fturaca\u011f\u0131z. Her \u00f6\u011frencinin mezuniyet sonras\u0131 i\u015f bulmas\u0131n\u0131 kolayla\u015ft\u0131racak kariyer destek mekanizmalar\u0131 olu\u015fturaca\u011f\u0131z. \u00d6\u011frencilerimize \u00fcretim s\u00fcre\u00e7lerini yerinde g\u00f6sterecek, i\u015f hayat\u0131na daha bilin\u00e7li ve donan\u0131ml\u0131 \u015fekilde haz\u0131rlanmalar\u0131n\u0131 sa\u011flayaca\u011f\u0131z. Bu projeyle hem sanayimizin i\u015f g\u00fcc\u00fc ihtiyac\u0131n\u0131 kar\u015f\u0131layaca\u011f\u0131z hem de gen\u00e7lerimize i\u015f garantisi sunarak onlar\u0131 meslek sahibi yapaca\u011f\u0131z&#8221; diye konu\u015ftu.<br \/>\n<br \/>Manisa\u2019n\u0131n sanayiden tar\u0131ma teknolojiden lojisti\u011fe kadar \u00e7ok y\u00f6nl\u00fc potansiyeli bulundu\u011funu kaydeden K\u0131z\u0131lg\u00fcney, &#8220;Manisa; sanayi, tar\u0131m, teknoloji ve lojistik alanlar\u0131nda b\u00fcy\u00fck bir potansiyele sahip. Ancak bu potansiyeli tam anlam\u0131yla ortaya \u00e7\u0131karmak i\u00e7in kamu, \u00f6zel sekt\u00f6r, \u00fcniversiteler ve e\u011fitim kurumlar\u0131yla ortak hareket etmemiz gerekiyor. Bug\u00fcn ba\u015flatt\u0131\u011f\u0131m\u0131z \u00fcniversite-sanayi i\u015f birli\u011fi ve meslek liseleri hamilik projeleri, \u015fehrimizin kalk\u0131nma s\u00fcrecinde kritik bir ad\u0131m olacakt\u0131r. M\u00dcS\u0130AD olarak, sanayicilerimizi, akademisyenlerimizi ve giri\u015fimcilerimizi bu s\u00fcrecin bir par\u00e7as\u0131 olmaya davet ediyorum. Hep birlikte Manisa\u2019y\u0131 sadece T\u00fcrkiye\u2019nin de\u011fil, d\u00fcnyan\u0131n en rekabet\u00e7i \u00fcretim merkezlerinden biri haline getirmek i\u00e7in \u00e7al\u0131\u015faca\u011f\u0131z. Bu projelerle birlikte, Sanayimizin teknoloji ve inovasyon odakl\u0131 b\u00fcy\u00fcmesini destekleyece\u011fiz. \u00dcniversite \u00f6\u011frencilerimizi i\u015f d\u00fcnyas\u0131na kazand\u0131raca\u011f\u0131z. Meslek liselerimizi g\u00fc\u00e7lendirerek sanayinin ihtiyac\u0131 olan kalifiye i\u015f g\u00fcc\u00fcn\u00fc yeti\u015ftirece\u011fiz. Manisa\u2019y\u0131 \u00fcniversite-sanayi i\u015f birli\u011fi a\u00e7\u0131s\u0131ndan \u00f6rnek bir \u015fehir haline getirece\u011fiz&#8221; dedi.<br \/><\/p>\n","protected":false},"excerpt":{"rendered":"<p>M\u00fcstakil Sanayici ve \u0130\u015fadamlar\u0131 Derne\u011fi (M\u00dcS\u0130AD) Manisa \u015eubesinin yeni se\u00e7ilen ba\u015fkan\u0131 M\u00fccahit K\u0131z\u0131lg\u00fcney ve y\u00f6netimi bas\u0131n mensuplar\u0131yla bir araya gelerek hem y\u00f6netimini tan\u0131tt\u0131 hem de yeni d\u00f6nemdeki hedeflerini a\u00e7\u0131klad\u0131. M\u00dcS\u0130AD Manisa \u015eubesi Y\u00f6netim Kurulu Ba\u015fkan\u0131 M\u00fccahit K\u0131z\u0131lg\u00fcney ve y\u00f6netimi Manisal\u0131 bas\u0131n mensuplar\u0131n\u0131 a\u011f\u0131rlad\u0131. Toplant\u0131da hem y\u00f6netimini tan\u0131tan Ba\u015fkan K\u0131z\u0131lg\u00fcney, yeni d\u00f6nemdeki hedeflerini de a\u00e7\u0131klad\u0131. Manisa&#8230;<\/p>\n","protected":false},"author":1,"featured_media":15717,"comment_status":"open","ping_status":"open","sticky":false,"template":"","format":"standard","meta":{"_crdt_document":"","footnotes":""},"categories":[125],"tags":[],"class_list":["post-15716","post","type-post","status-publish","format-standard","has-post-thumbnail","hentry","category-ekonomi"],"_links":{"self":[{"href":"https:\/\/www.egemtv.com\/index.php?rest_route=\/wp\/v2\/posts\/15716","targetHints":{"allow":["GET"]}}],"collection":[{"href":"https:\/\/www.egemtv.com\/index.php?rest_route=\/wp\/v2\/posts"}],"about":[{"href":"https:\/\/www.egemtv.com\/index.php?rest_route=\/wp\/v2\/types\/post"}],"author":[{"embeddable":true,"href":"https:\/\/www.egemtv.com\/index.php?rest_route=\/wp\/v2\/users\/1"}],"replies":[{"embeddable":true,"href":"https:\/\/www.egemtv.com\/index.php?rest_route=%2Fwp%2Fv2%2Fcomments&post=15716"}],"version-history":[{"count":1,"href":"https:\/\/www.egemtv.com\/index.php?rest_route=\/wp\/v2\/posts\/15716\/revisions"}],"predecessor-version":[{"id":15718,"href":"https:\/\/www.egemtv.com\/index.php?rest_route=\/wp\/v2\/posts\/15716\/revisions\/15718"}],"wp:featuredmedia":[{"embeddable":true,"href":"https:\/\/www.egemtv.com\/index.php?rest_route=\/wp\/v2\/media\/15717"}],"wp:attachment":[{"href":"https:\/\/www.egemtv.com\/index.php?rest_route=%2Fwp%2Fv2%2Fmedia&parent=15716"}],"wp:term":[{"taxonomy":"category","embeddable":true,"href":"https:\/\/www.egemtv.com\/index.php?rest_route=%2Fwp%2Fv2%2Fcategories&post=15716"},{"taxonomy":"post_tag","embeddable":true,"href":"https:\/\/www.egemtv.com\/index.php?rest_route=%2Fwp%2Fv2%2Ftags&post=15716"}],"curies":[{"name":"wp","href":"https:\/\/api.w.org\/{rel}","templated":true}]}}