{"id":15698,"date":"2025-02-05T12:13:22","date_gmt":"2025-02-05T09:13:22","guid":{"rendered":"https:\/\/www.egemtv.com\/?p=15698"},"modified":"2025-02-05T12:13:24","modified_gmt":"2025-02-05T09:13:24","slug":"sosyal-medyada-gundem-olan-yasli-adama-valilik-sahip-cikti","status":"publish","type":"post","link":"https:\/\/www.egemtv.com\/?p=15698","title":{"rendered":"Sosyal medyada g\u00fcndem olan ya\u015fl\u0131 adama valilik sahip \u00e7\u0131kt\u0131"},"content":{"rendered":"<p>Ayd\u0131n\u2019\u0131n Efeler il\u00e7esinde, ta\u015f\u0131rken elinden d\u00fc\u015f\u00fcrd\u00fc\u011f\u00fc koliden yere sa\u00e7\u0131lan erzaklar\u0131 toplarken \u00e7ekilen g\u00f6r\u00fcnt\u00fcleri ile sosyal medyan\u0131n g\u00fcndemine oturan ya\u015fl\u0131 adama Ayd\u0131n Valili\u011fi sahip \u00e7\u0131kt\u0131.<br \/>\n<br \/>Edinilen bilgiye g\u00f6re, Atat\u00fcrk Kent Meydan\u0131\u2019nda ya\u015fl\u0131 bir adam ta\u015f\u0131d\u0131\u011f\u0131 erzak kolisini yere d\u00fc\u015f\u00fcrd\u00fc. D\u00fc\u015fmenin etkisiyle koli i\u00e7erisinde bulunan paketli g\u0131dalar etrafa sa\u00e7\u0131l\u0131rken, ya\u015fl\u0131 adam yerdeki \u00fcr\u00fcnleri toplamaya \u00e7al\u0131\u015ft\u0131. O anlar\u0131n vatanda\u015flar taraf\u0131ndan kayda al\u0131n\u0131p payla\u015f\u0131lmas\u0131 ile birlikte g\u00f6r\u00fcnt\u00fc sosyal medyada g\u00fcndem oldu. Saatler i\u00e7erisinde bir\u00e7ok ki\u015fi taraf\u0131ndan payla\u015f\u0131lan g\u00f6r\u00fcnt\u00fc \u00fczerine Ayd\u0131n Valisi Yakup Canbolat, Aile ve Sosyal Hizmetler \u0130l M\u00fcd\u00fcrl\u00fc\u011f\u00fc\u2019ne \u015fahs\u0131n bulunmas\u0131 y\u00f6n\u00fcnde talimat verdi. Ekiplerin yapt\u0131\u011f\u0131 \u00e7al\u0131\u015fmalarda, g\u00f6r\u00fcnt\u00fclerde yer alan ki\u015finin sokakta ya\u015fayan Maksut Y\u00fczer (66) oldu\u011fu tespit edilerek \u015fahsa ula\u015f\u0131ld\u0131. Kendisini ifade etmekte g\u00fc\u00e7l\u00fck \u00e7eken Y\u00fczer\u2019i ekipler, Ku\u015fadas\u0131 il\u00e7esindeki Aile ve Sosyal Hizmetler \u0130l M\u00fcd\u00fcrl\u00fc\u011f\u00fc\u2019ne ba\u011fl\u0131 \u00f6zel bir bak\u0131mevine yerle\u015ftirdi.<br \/><\/p>\n","protected":false},"excerpt":{"rendered":"<p>Ayd\u0131n\u2019\u0131n Efeler il\u00e7esinde, ta\u015f\u0131rken elinden d\u00fc\u015f\u00fcrd\u00fc\u011f\u00fc koliden yere sa\u00e7\u0131lan erzaklar\u0131 toplarken \u00e7ekilen g\u00f6r\u00fcnt\u00fcleri ile sosyal medyan\u0131n g\u00fcndemine oturan ya\u015fl\u0131 adama Ayd\u0131n Valili\u011fi sahip \u00e7\u0131kt\u0131. Edinilen bilgiye g\u00f6re, Atat\u00fcrk Kent Meydan\u0131\u2019nda ya\u015fl\u0131 bir adam ta\u015f\u0131d\u0131\u011f\u0131 erzak kolisini yere d\u00fc\u015f\u00fcrd\u00fc. D\u00fc\u015fmenin etkisiyle koli i\u00e7erisinde bulunan paketli g\u0131dalar etrafa sa\u00e7\u0131l\u0131rken, ya\u015fl\u0131 adam yerdeki \u00fcr\u00fcnleri toplamaya \u00e7al\u0131\u015ft\u0131. O anlar\u0131n&#8230;<\/p>\n","protected":false},"author":1,"featured_media":15699,"comment_status":"open","ping_status":"open","sticky":false,"template":"","format":"standard","meta":{"_crdt_document":"","footnotes":""},"categories":[123],"tags":[],"class_list":["post-15698","post","type-post","status-publish","format-standard","has-post-thumbnail","hentry","category-gundem"],"_links":{"self":[{"href":"https:\/\/www.egemtv.com\/index.php?rest_route=\/wp\/v2\/posts\/15698","targetHints":{"allow":["GET"]}}],"collection":[{"href":"https:\/\/www.egemtv.com\/index.php?rest_route=\/wp\/v2\/posts"}],"about":[{"href":"https:\/\/www.egemtv.com\/index.php?rest_route=\/wp\/v2\/types\/post"}],"author":[{"embeddable":true,"href":"https:\/\/www.egemtv.com\/index.php?rest_route=\/wp\/v2\/users\/1"}],"replies":[{"embeddable":true,"href":"https:\/\/www.egemtv.com\/index.php?rest_route=%2Fwp%2Fv2%2Fcomments&post=15698"}],"version-history":[{"count":1,"href":"https:\/\/www.egemtv.com\/index.php?rest_route=\/wp\/v2\/posts\/15698\/revisions"}],"predecessor-version":[{"id":15700,"href":"https:\/\/www.egemtv.com\/index.php?rest_route=\/wp\/v2\/posts\/15698\/revisions\/15700"}],"wp:featuredmedia":[{"embeddable":true,"href":"https:\/\/www.egemtv.com\/index.php?rest_route=\/wp\/v2\/media\/15699"}],"wp:attachment":[{"href":"https:\/\/www.egemtv.com\/index.php?rest_route=%2Fwp%2Fv2%2Fmedia&parent=15698"}],"wp:term":[{"taxonomy":"category","embeddable":true,"href":"https:\/\/www.egemtv.com\/index.php?rest_route=%2Fwp%2Fv2%2Fcategories&post=15698"},{"taxonomy":"post_tag","embeddable":true,"href":"https:\/\/www.egemtv.com\/index.php?rest_route=%2Fwp%2Fv2%2Ftags&post=15698"}],"curies":[{"name":"wp","href":"https:\/\/api.w.org\/{rel}","templated":true}]}}