{"id":15695,"date":"2025-02-05T11:59:06","date_gmt":"2025-02-05T08:59:06","guid":{"rendered":"https:\/\/www.egemtv.com\/?p=15695"},"modified":"2025-02-05T11:59:11","modified_gmt":"2025-02-05T08:59:11","slug":"minik-kalplerden-buyuk-iyilik","status":"publish","type":"post","link":"https:\/\/www.egemtv.com\/?p=15695","title":{"rendered":"Minik kalplerden b\u00fcy\u00fck iyilik"},"content":{"rendered":"<p>\u0130zmir\u2019de ilkokul \u00f6\u011frencileri, 6 \u015eubat 2023\u2019te meydana gelen Kahramanmara\u015f merkezli depremden etkilenen ve e\u011fitim-\u00f6\u011fretimlerini konteynerde s\u00fcrd\u00fcren arkada\u015flar\u0131 i\u00e7in yard\u0131m kolisi haz\u0131rlad\u0131. \u0130\u00e7erisinde; k\u0131yafet, oyuncak, spor ve k\u0131rtasiye malzemesi gibi bir\u00e7ok e\u015fyan\u0131n bulundu\u011fu koliler, bin 131 kilometre uzakl\u0131ktaki Kahramanmara\u015f\u2019\u0131n Nurhak il\u00e7esindeki konteyner okula g\u00f6nderilecek.<br \/>\n<br \/>\u0130zmir\u2019in Bayrakl\u0131 il\u00e7esinde bulunan Ekrem Hayri \u00dcst\u00fcnda\u011f \u0130lkokulu, 6 \u015eubat 2023\u2019teki depremlerden etkilenen \u00e7ocuklar i\u00e7in \u2019\u0130yilik G\u00f6n\u00fclleri Projesi\u2019ni hayata ge\u00e7irdi. Proje kapsam\u0131nda; g\u00f6n\u00fcll\u00fc \u00f6\u011fretmen ve \u00f6\u011frenciler, bin 131 kilometre uzakl\u0131ktaki Kahramanmara\u015f\u2019\u0131n Nurhak il\u00e7esinde konteynerde e\u011fitim-\u00f6\u011fretim veren Bar\u0131\u015f \u0130lkokulu \u00f6\u011frencileri i\u00e7in seferber oldu. Minikler, okul aile birli\u011finin deste\u011fiyle Kahramanmara\u015f\u2019taki 28 \u00f6\u011frencinin ihtiya\u00e7lar\u0131 do\u011frultusunda; ayakkab\u0131dan oyunca\u011fa, spor ve k\u0131rtasiye malzemesinden k\u0131yafete kadar bir\u00e7ok e\u015fyan\u0131n yer ald\u0131\u011f\u0131 kolileri haz\u0131rlad\u0131. Paketlenen malzemeler, okulun ve projenin Sorumlu M\u00fcd\u00fcr\u00fc Suna Arslan ile \u0130zmir \u0130l Milli E\u011fitim M\u00fcd\u00fcrl\u00fc\u011f\u00fcn\u00fcn deste\u011fiyle \u00f6\u011frencilere g\u00f6nderilecek.<\/p>\n<p>&#8220;\u00c7ok mutluyuz, \u00e7\u00fcnk\u00fc onlar da e\u011fitim alacak&#8221;<br \/>\n<br \/>\u00d6\u011fretmenlerinin kendilerine projeden bahsetti\u011fini anlatan 8 ya\u015f\u0131ndaki G\u00fclsima K\u0131z\u0131lda\u011f, &#8220;\u00c7ocuklara yard\u0131m etmemiz i\u00e7in proje haz\u0131rland\u0131. Biz de ailelerimizden destek istedik. Onlar da \u2019seve seve yard\u0131m edeceklerini\u2019 s\u00f6yledi. Kahramanmara\u015f\u2019taki arkada\u015flar\u0131m\u0131z\u0131n ihtiya\u00e7lar\u0131n\u0131 \u00f6\u011frendik. Biz de kolileri haz\u0131rlad\u0131k. Onlar\u0131n yanlar\u0131nday\u0131z ve onlara ellerimizi uzatt\u0131k. Kitap, e\u015fya, giyinmeleri i\u00e7in k\u0131yafetleri arkada\u015flar\u0131m\u0131zla birlikte haz\u0131rlad\u0131k. \u00c7ok mutluyuz, \u00e7\u00fcnk\u00fc onlar da e\u011fitim alacak&#8221; ifadelerine yer verdi.<\/p>\n<p>&#8220;Arkada\u015flar\u0131m\u0131z\u0131n kalplerine dokunmak istedik&#8221;<br \/>\n<br \/>Proje ile arkada\u015flar\u0131na yard\u0131m etmek istediklerini ifade eden Ada Vizeli (9) ise, &#8220;Bizi derinden \u00fczen do\u011fal afetin yaralar\u0131n\u0131 birlikte sarmak istedik. Bu projeyle, arkada\u015flar\u0131m\u0131z\u0131n kalplerine dokunmak ve onlar\u0131 mutlu etmek istedik. G\u00f6n\u00fclden yap\u0131lan her \u015fey g\u00fczeldir. Yeter ki birlik ve beraberlik i\u00e7erisinde olal\u0131m&#8221; diye konu\u015ftu.<\/p>\n<p>&#8220;Yaralar\u0131 birlikte saraca\u011f\u0131z&#8221;<br \/>\n<br \/>Depremzede arkada\u015flar\u0131na destek olmaya \u00e7al\u0131\u015ft\u0131klar\u0131n\u0131 s\u00f6yleyen 3\u2019\u00fcnc\u00fc s\u0131n\u0131f \u00f6\u011frencisi Nefes Kalburcu, &#8220;Umar\u0131m mutlu olurlar. Biz bunlar\u0131 yaparken \u00e7ok mutlu olduk. Onlar\u0131n her zaman yan\u0131nday\u0131z. Yaralar\u0131 birlikte saraca\u011f\u0131z. Hepinizi \u00e7ok seviyoruz&#8221; \u015feklinde duygular\u0131n\u0131 aktard\u0131.<\/p>\n<p>&#8220;\u0130n\u015fallah arkada\u015flar\u0131m\u0131z mutlu olur&#8221;<br \/>\n<br \/>Projeyi duydu\u011funda \u00e7ok mutlu oldu\u011funu ifade eden Muhammet Talha Akda\u011f (10), &#8220;B\u00fct\u00fcn e\u015fyalar\u0131 \u00f6zenle paketledim. Arkada\u015flar\u0131m\u0131z in\u015fallah hediyeleri g\u00f6r\u00fcnce \u00e7ok mutlu olur&#8221; \u015feklinde konu\u015furken, G\u00f6ktu\u011f Kapucu (9) da &#8220;Hemen haz\u0131rl\u0131klara ba\u015flad\u0131k. Arkada\u015flar\u0131m\u0131z\u0131n yaralar\u0131n\u0131 sarabildiysek mutluyuz&#8221; dedi.<br \/><\/p>\n","protected":false},"excerpt":{"rendered":"<p>\u0130zmir\u2019de ilkokul \u00f6\u011frencileri, 6 \u015eubat 2023\u2019te meydana gelen Kahramanmara\u015f merkezli depremden etkilenen ve e\u011fitim-\u00f6\u011fretimlerini konteynerde s\u00fcrd\u00fcren arkada\u015flar\u0131 i\u00e7in yard\u0131m kolisi haz\u0131rlad\u0131. \u0130\u00e7erisinde; k\u0131yafet, oyuncak, spor ve k\u0131rtasiye malzemesi gibi bir\u00e7ok e\u015fyan\u0131n bulundu\u011fu koliler, bin 131 kilometre uzakl\u0131ktaki Kahramanmara\u015f\u2019\u0131n Nurhak il\u00e7esindeki konteyner okula g\u00f6nderilecek. \u0130zmir\u2019in Bayrakl\u0131 il\u00e7esinde bulunan Ekrem Hayri \u00dcst\u00fcnda\u011f \u0130lkokulu, 6 \u015eubat 2023\u2019teki depremlerden&#8230;<\/p>\n","protected":false},"author":1,"featured_media":15696,"comment_status":"open","ping_status":"open","sticky":false,"template":"","format":"standard","meta":{"_crdt_document":"","footnotes":""},"categories":[1],"tags":[],"class_list":["post-15695","post","type-post","status-publish","format-standard","has-post-thumbnail","hentry","category-guncel"],"_links":{"self":[{"href":"https:\/\/www.egemtv.com\/index.php?rest_route=\/wp\/v2\/posts\/15695","targetHints":{"allow":["GET"]}}],"collection":[{"href":"https:\/\/www.egemtv.com\/index.php?rest_route=\/wp\/v2\/posts"}],"about":[{"href":"https:\/\/www.egemtv.com\/index.php?rest_route=\/wp\/v2\/types\/post"}],"author":[{"embeddable":true,"href":"https:\/\/www.egemtv.com\/index.php?rest_route=\/wp\/v2\/users\/1"}],"replies":[{"embeddable":true,"href":"https:\/\/www.egemtv.com\/index.php?rest_route=%2Fwp%2Fv2%2Fcomments&post=15695"}],"version-history":[{"count":1,"href":"https:\/\/www.egemtv.com\/index.php?rest_route=\/wp\/v2\/posts\/15695\/revisions"}],"predecessor-version":[{"id":15697,"href":"https:\/\/www.egemtv.com\/index.php?rest_route=\/wp\/v2\/posts\/15695\/revisions\/15697"}],"wp:featuredmedia":[{"embeddable":true,"href":"https:\/\/www.egemtv.com\/index.php?rest_route=\/wp\/v2\/media\/15696"}],"wp:attachment":[{"href":"https:\/\/www.egemtv.com\/index.php?rest_route=%2Fwp%2Fv2%2Fmedia&parent=15695"}],"wp:term":[{"taxonomy":"category","embeddable":true,"href":"https:\/\/www.egemtv.com\/index.php?rest_route=%2Fwp%2Fv2%2Fcategories&post=15695"},{"taxonomy":"post_tag","embeddable":true,"href":"https:\/\/www.egemtv.com\/index.php?rest_route=%2Fwp%2Fv2%2Ftags&post=15695"}],"curies":[{"name":"wp","href":"https:\/\/api.w.org\/{rel}","templated":true}]}}