{"id":15692,"date":"2025-02-05T11:59:01","date_gmt":"2025-02-05T08:59:01","guid":{"rendered":"https:\/\/www.egemtv.com\/?p=15692"},"modified":"2025-02-05T11:59:06","modified_gmt":"2025-02-05T08:59:06","slug":"ege-universitesi-sualti-ragbisi-takimi-avrupa-sampiyonu-oldu","status":"publish","type":"post","link":"https:\/\/www.egemtv.com\/?p=15692","title":{"rendered":"Ege \u00dcniversitesi Sualt\u0131 Ragbisi Tak\u0131m\u0131 Avrupa \u015fampiyonu oldu"},"content":{"rendered":"<p>Ege \u00dcniversitesi Sualt\u0131 Ragbisi Tak\u0131m\u0131, Avusturya\u2019n\u0131n Salzburg kentinde d\u00fczenlenen &#8220;42. Salzburger Stier Sualt\u0131 Ragbisi Turnuvas\u0131&#8221;nda Avrupa \u015fampiyonu oldu. Turnuvada T\u00fcrkiye\u2019yi Ege \u00dcniversitesi Spor Kul\u00fcb\u00fc Sualt\u0131 Ragbisi Tak\u0131m\u0131 temsil etti.<br \/>\n<br \/>Avusturya\u2019n\u0131n Salzburg kentinde yap\u0131lan &#8220;42. Salzburg Sualt\u0131 Ragbisi Turnuvas\u0131&#8221;nda Ege \u00dcniversitesi Kul\u00fcb\u00fc Sualt\u0131 Ragbisi B\u00fcy\u00fck Erkekler Elit  Tak\u0131m\u0131  \u015fampiyon oldu. Avrupa\u2019n\u0131n 8 \u00fclkesinden 9 tak\u0131mla lig usul\u00fc puantaj \u00fczerinden yap\u0131lan turnuvay\u0131 Ege \u00dcniversitesi Sualt\u0131 Ragbisi Tak\u0131m\u0131, t\u00fcm m\u00fcsabakalar\u0131nda gol yemeden kazand\u0131. Avrupa\u2019n\u0131n k\u00f6kl\u00fc dokuz kul\u00fcb\u00fcn\u00fcn yer ald\u0131\u011f\u0131 turnuvada Ege \u00dcniversitesi Sualt\u0131 Ragbisi Tak\u0131m\u0131, hem tak\u0131m oyunundaki \u00fcst\u00fcnl\u00fc\u011f\u00fc, hem de bireysel performanslar\u0131yla dikkat \u00e7ekti.<br \/>\n<br \/>Ege \u00dcniversitesi Rekt\u00f6r\u00fc Prof. Dr. Necdet Budak, &#8220;\u00dclkemizin sayg\u0131n y\u00fcksek\u00f6\u011fretim kurumlar\u0131ndan birisi olan; tam akredite, \u00f6\u011frenci odakl\u0131, milli yenilik \u00f6d\u00fcll\u00fc, sa\u011fl\u0131k temal\u0131, ara\u015ft\u0131rma \u00fcniversitemiz; sporun farkl\u0131 bran\u015flar\u0131nda da \u00f6nemli ba\u015far\u0131lara imza atarak g\u00f6\u011fs\u00fcm\u00fcz\u00fc kabart\u0131yor. G\u00f6reve geldi\u011fimizde sporun \u00f6neminin bilincinde olarak 25 y\u0131l aradan Spor Kul\u00fcb\u00fcm\u00fcz\u00fc tekrar aktif hale getirdik. Sporu bir k\u00fclt\u00fcr haline getirmek i\u00e7in s\u00fcrd\u00fcr\u00fclebilir bir spor ekosistemi olu\u015fturduk. Bir yandan \u00f6\u011frencilerimize spor yapacaklar\u0131 alanlar kazand\u0131r\u0131rken di\u011fer yandan da profesyonel sporcular\u0131 yeti\u015ftirdik. Bu kapsamda Spor Kul\u00fcb\u00fc b\u00fcnyesinde kurdu\u011fumuz Ege \u00dcniversitesi Sualt\u0131 Ragbisi Tak\u0131m\u0131, \u00f6nemli ba\u015far\u0131lara imza at\u0131yor. Avusturya\u2019n\u0131n Salzburg kentinde d\u00fczenlenen, Avrupa\u2019n\u0131n k\u00f6kl\u00fc kul\u00fcplerinin yer ald\u0131\u011f\u0131 turnuvada Ege \u00dcniversitesi Sualt\u0131 Ragbisi Tak\u0131m\u0131, \u015fampiyon oldu. Bug\u00fcne kadar oldu\u011fu gibi bundan sonra da \u00fclkemiz sporuna nitelikli katk\u0131 sunmaya devam edece\u011fiz&#8221; dedi.<br \/><\/p>\n","protected":false},"excerpt":{"rendered":"<p>Ege \u00dcniversitesi Sualt\u0131 Ragbisi Tak\u0131m\u0131, Avusturya\u2019n\u0131n Salzburg kentinde d\u00fczenlenen &#8220;42. Salzburger Stier Sualt\u0131 Ragbisi Turnuvas\u0131&#8221;nda Avrupa \u015fampiyonu oldu. Turnuvada T\u00fcrkiye\u2019yi Ege \u00dcniversitesi Spor Kul\u00fcb\u00fc Sualt\u0131 Ragbisi Tak\u0131m\u0131 temsil etti. Avusturya\u2019n\u0131n Salzburg kentinde yap\u0131lan &#8220;42. Salzburg Sualt\u0131 Ragbisi Turnuvas\u0131&#8221;nda Ege \u00dcniversitesi Kul\u00fcb\u00fc Sualt\u0131 Ragbisi B\u00fcy\u00fck Erkekler Elit Tak\u0131m\u0131 \u015fampiyon oldu. Avrupa\u2019n\u0131n 8 \u00fclkesinden 9 tak\u0131mla lig&#8230;<\/p>\n","protected":false},"author":1,"featured_media":15693,"comment_status":"open","ping_status":"open","sticky":false,"template":"","format":"standard","meta":{"_crdt_document":"","footnotes":""},"categories":[4],"tags":[],"class_list":["post-15692","post","type-post","status-publish","format-standard","has-post-thumbnail","hentry","category-spor"],"_links":{"self":[{"href":"https:\/\/www.egemtv.com\/index.php?rest_route=\/wp\/v2\/posts\/15692","targetHints":{"allow":["GET"]}}],"collection":[{"href":"https:\/\/www.egemtv.com\/index.php?rest_route=\/wp\/v2\/posts"}],"about":[{"href":"https:\/\/www.egemtv.com\/index.php?rest_route=\/wp\/v2\/types\/post"}],"author":[{"embeddable":true,"href":"https:\/\/www.egemtv.com\/index.php?rest_route=\/wp\/v2\/users\/1"}],"replies":[{"embeddable":true,"href":"https:\/\/www.egemtv.com\/index.php?rest_route=%2Fwp%2Fv2%2Fcomments&post=15692"}],"version-history":[{"count":1,"href":"https:\/\/www.egemtv.com\/index.php?rest_route=\/wp\/v2\/posts\/15692\/revisions"}],"predecessor-version":[{"id":15694,"href":"https:\/\/www.egemtv.com\/index.php?rest_route=\/wp\/v2\/posts\/15692\/revisions\/15694"}],"wp:featuredmedia":[{"embeddable":true,"href":"https:\/\/www.egemtv.com\/index.php?rest_route=\/wp\/v2\/media\/15693"}],"wp:attachment":[{"href":"https:\/\/www.egemtv.com\/index.php?rest_route=%2Fwp%2Fv2%2Fmedia&parent=15692"}],"wp:term":[{"taxonomy":"category","embeddable":true,"href":"https:\/\/www.egemtv.com\/index.php?rest_route=%2Fwp%2Fv2%2Fcategories&post=15692"},{"taxonomy":"post_tag","embeddable":true,"href":"https:\/\/www.egemtv.com\/index.php?rest_route=%2Fwp%2Fv2%2Ftags&post=15692"}],"curies":[{"name":"wp","href":"https:\/\/api.w.org\/{rel}","templated":true}]}}