{"id":15689,"date":"2025-02-05T11:55:59","date_gmt":"2025-02-05T08:55:59","guid":{"rendered":"https:\/\/www.egemtv.com\/?p=15689"},"modified":"2025-02-05T11:56:03","modified_gmt":"2025-02-05T08:56:03","slug":"sanayici-ve-tedarikciler-bu-fuarda-bulusacak","status":"publish","type":"post","link":"https:\/\/www.egemtv.com\/?p=15689","title":{"rendered":"Sanayici ve tedarik\u00e7iler bu fuarda bulu\u015facak"},"content":{"rendered":"<p>Fabrika Tedarik\u00e7ileri Fuar\u0131, \u0130zmir \u00c7i\u011fli Atat\u00fcrk Organize Sanayi B\u00f6lgesinde 9 Nisan \u00c7ar\u015famba g\u00fcn\u00fc ziyarete a\u00e7\u0131l\u0131yor. Sanayiciler i\u00e7in, fabrikalar\u0131n ortak ihtiyac\u0131 olan idari ve i\u015fletmeye y\u00f6nelik tedarik zincirine \u00e7e\u015fitlilik katacak olan fuar, tedarik\u00e7iler i\u00e7in de yeni pazarlara ula\u015fman\u0131n bir yolu olarak g\u00f6r\u00fcn\u00fcyor.<br \/>\n<br \/>&#8220;Fabrikalara ula\u015fman\u0131n en kolay yolu&#8221; slogan\u0131yla yola \u00e7\u0131kan Fabrika Tedarik\u00e7ileri Fuar\u0131, \u00f6zellikle organize sanayi b\u00f6lgesi i\u00e7erisinde ger\u00e7ekle\u015fecek olmas\u0131yla dikkat \u00e7ekiyor. 9-10-11 Nisan 2025 tarihlerinde ziyaret\u00e7ileriyle bulu\u015facak fuar, otopark alan\u0131nda kuruluyor. Sanayiciler i\u00e7in, b\u00fct\u00fcn fabrikalar\u0131n ortak ihtiyac\u0131 olan idari ve i\u015fletmeye y\u00f6nelik tedarik zincirine \u00e7e\u015fitlilik katacak olan fuar, tedarik\u00e7iler i\u00e7in ise yeni pazarlara ula\u015fman\u0131n bir yolu olarak g\u00f6r\u00fcn\u00fcyor. Fuar, \u0130zmir Ticaret Odas\u0131 taraf\u0131ndan sa\u011flanan Fuar Te\u015fvik Program\u0131 ile de destekleniyor. Fuarda yap\u0131lacak olan etkinliklerin fuara renk katmas\u0131 bekleniyor. Atat\u00fcrk Organize Sanayi B\u00f6lgesinde, 5 bin metrekare alanda ger\u00e7ekle\u015fecek olan fuara \u00f6zellikle ambalaj, in\u015faat, mobilya, reklam ajanslar\u0131, insan kaynaklar\u0131, i\u015f makinalar\u0131, lojistik hizmetleri gibi bir\u00e7ok sekt\u00f6r\u00fcn kat\u0131l\u0131m\u0131 bekleniyor.<br \/>\n<br \/>Fuarla ilgili a\u00e7\u0131klama yapan Frig Fuarc\u0131l\u0131k Y\u00f6netim Kurulu Ba\u015fkan\u0131 Tuncay Varol, bu fuar\u0131n OSB\u2019ler ve fuarlar aras\u0131nda yeni bir k\u00f6pr\u00fc olu\u015fturaca\u011f\u0131n\u0131 ve bu sinerjinin artarak devam edece\u011fini umdu\u011funu s\u00f6yledi. Varol, konu\u015fmas\u0131na \u015f\u00f6yle devam etti: &#8220;\u0130zmir ve il\u00e7elerinde bulunan 14 organize sanayi b\u00f6lgesindeki ve \u00e7evre illerdeki sanayici ve i\u015f insanlar\u0131m\u0131z\u0131 bu fuara bekliyoruz. Fuar\u0131n \u00f6zellikle zaman kazanmak ad\u0131na do\u011fru bir lokasyonda yap\u0131ld\u0131\u011f\u0131n\u0131 d\u00fc\u015f\u00fcn\u00fcyoruz. Fuar\u0131m\u0131zda tedarik\u00e7ilerimiz yeni pazarlara ula\u015facaklar.&#8221;<br \/>\n<br \/>9-11 Nisan tarihlerinde yap\u0131lacak olan fuara; \u0130zmir, Alia\u011fa, Kemalpa\u015fa, Menemen, Manisa, Ayd\u0131n gibi illerden i\u015f d\u00fcnyas\u0131n\u0131n yo\u011fun kat\u0131l\u0131m g\u00f6stermesi bekleniyor.<br \/><\/p>\n","protected":false},"excerpt":{"rendered":"<p>Fabrika Tedarik\u00e7ileri Fuar\u0131, \u0130zmir \u00c7i\u011fli Atat\u00fcrk Organize Sanayi B\u00f6lgesinde 9 Nisan \u00c7ar\u015famba g\u00fcn\u00fc ziyarete a\u00e7\u0131l\u0131yor. Sanayiciler i\u00e7in, fabrikalar\u0131n ortak ihtiyac\u0131 olan idari ve i\u015fletmeye y\u00f6nelik tedarik zincirine \u00e7e\u015fitlilik katacak olan fuar, tedarik\u00e7iler i\u00e7in de yeni pazarlara ula\u015fman\u0131n bir yolu olarak g\u00f6r\u00fcn\u00fcyor. &#8220;Fabrikalara ula\u015fman\u0131n en kolay yolu&#8221; slogan\u0131yla yola \u00e7\u0131kan Fabrika Tedarik\u00e7ileri Fuar\u0131, \u00f6zellikle organize sanayi&#8230;<\/p>\n","protected":false},"author":1,"featured_media":15690,"comment_status":"open","ping_status":"open","sticky":false,"template":"","format":"standard","meta":{"_crdt_document":"","footnotes":""},"categories":[125],"tags":[],"class_list":["post-15689","post","type-post","status-publish","format-standard","has-post-thumbnail","hentry","category-ekonomi"],"_links":{"self":[{"href":"https:\/\/www.egemtv.com\/index.php?rest_route=\/wp\/v2\/posts\/15689","targetHints":{"allow":["GET"]}}],"collection":[{"href":"https:\/\/www.egemtv.com\/index.php?rest_route=\/wp\/v2\/posts"}],"about":[{"href":"https:\/\/www.egemtv.com\/index.php?rest_route=\/wp\/v2\/types\/post"}],"author":[{"embeddable":true,"href":"https:\/\/www.egemtv.com\/index.php?rest_route=\/wp\/v2\/users\/1"}],"replies":[{"embeddable":true,"href":"https:\/\/www.egemtv.com\/index.php?rest_route=%2Fwp%2Fv2%2Fcomments&post=15689"}],"version-history":[{"count":1,"href":"https:\/\/www.egemtv.com\/index.php?rest_route=\/wp\/v2\/posts\/15689\/revisions"}],"predecessor-version":[{"id":15691,"href":"https:\/\/www.egemtv.com\/index.php?rest_route=\/wp\/v2\/posts\/15689\/revisions\/15691"}],"wp:featuredmedia":[{"embeddable":true,"href":"https:\/\/www.egemtv.com\/index.php?rest_route=\/wp\/v2\/media\/15690"}],"wp:attachment":[{"href":"https:\/\/www.egemtv.com\/index.php?rest_route=%2Fwp%2Fv2%2Fmedia&parent=15689"}],"wp:term":[{"taxonomy":"category","embeddable":true,"href":"https:\/\/www.egemtv.com\/index.php?rest_route=%2Fwp%2Fv2%2Fcategories&post=15689"},{"taxonomy":"post_tag","embeddable":true,"href":"https:\/\/www.egemtv.com\/index.php?rest_route=%2Fwp%2Fv2%2Ftags&post=15689"}],"curies":[{"name":"wp","href":"https:\/\/api.w.org\/{rel}","templated":true}]}}