{"id":15686,"date":"2025-02-05T11:52:57","date_gmt":"2025-02-05T08:52:57","guid":{"rendered":"https:\/\/www.egemtv.com\/?p=15686"},"modified":"2025-02-05T11:53:02","modified_gmt":"2025-02-05T08:53:02","slug":"denizlide-cok-sayida-silahla-yakalanan-6-supheli-gozaltina-alindi","status":"publish","type":"post","link":"https:\/\/www.egemtv.com\/?p=15686","title":{"rendered":"Denizli\u2019de \u00e7ok say\u0131da silahla yakalanan 6 \u015f\u00fcpheli g\u00f6zalt\u0131na al\u0131nd\u0131"},"content":{"rendered":"<p>DEN\u0130ZL\u0130 (\u0130HA) \u2013 Denizli\u2019ni Buldan il\u00e7esinde jandarman\u0131n d\u00fczenledi\u011fi operasyonda, \u00e7ok say\u0131da silah ve m\u00fchimmatla yakalanan 6 \u015f\u00fcpheli g\u00f6zalt\u0131na al\u0131nd\u0131.<\/p>\n<p>Denizli \u0130l Jandarma Komutanl\u0131\u011f\u0131 ekipleri taraf\u0131ndan 6136 say\u0131l\u0131 Kanuna Muhalefet su\u00e7u kapsam\u0131nda, Buldan il\u00e7esinde silah ka\u00e7ak\u00e7\u0131l\u0131\u011f\u0131 yapt\u0131\u011f\u0131 belirlenen ki\u015filer takibe al\u0131nd\u0131. \u015e\u00fcphelilerin yakalanmas\u0131na y\u00f6nelik olarak Buldan Cumhuriyet Ba\u015fsavc\u0131l\u0131\u011f\u0131 koordinesinde icra edilen operasyonda su\u00e7a kar\u0131\u015ft\u0131\u011f\u0131 belirlenen 6 \u015f\u00fcpheli yakaland\u0131.<\/p>\n<p>\u015e\u00fcphelilerin adreslerinde yap\u0131lan aramalarda 7 adet ruhsats\u0131z tabanca, 4 adet ruhsats\u0131z av t\u00fcfe\u011fi, 9 adet tabanca \u015farj\u00f6r\u00fc, 127 adet tabanca fi\u015fe\u011fi, 201 adet uyu\u015fturucu hap ile 2 adet sustal\u0131 b\u0131\u00e7ak ele ge\u00e7irildi. Ele ge\u00e7irilen malzemeler muhafaza alt\u0131na al\u0131n\u0131rken, \u015f\u00fcpheliler hakk\u0131nda adli i\u015flem ba\u015flat\u0131ld\u0131.<br \/><\/p>\n","protected":false},"excerpt":{"rendered":"<p>DEN\u0130ZL\u0130 (\u0130HA) \u2013 Denizli\u2019ni Buldan il\u00e7esinde jandarman\u0131n d\u00fczenledi\u011fi operasyonda, \u00e7ok say\u0131da silah ve m\u00fchimmatla yakalanan 6 \u015f\u00fcpheli g\u00f6zalt\u0131na al\u0131nd\u0131. Denizli \u0130l Jandarma Komutanl\u0131\u011f\u0131 ekipleri taraf\u0131ndan 6136 say\u0131l\u0131 Kanuna Muhalefet su\u00e7u kapsam\u0131nda, Buldan il\u00e7esinde silah ka\u00e7ak\u00e7\u0131l\u0131\u011f\u0131 yapt\u0131\u011f\u0131 belirlenen ki\u015filer takibe al\u0131nd\u0131. \u015e\u00fcphelilerin yakalanmas\u0131na y\u00f6nelik olarak Buldan Cumhuriyet Ba\u015fsavc\u0131l\u0131\u011f\u0131 koordinesinde icra edilen operasyonda su\u00e7a kar\u0131\u015ft\u0131\u011f\u0131 belirlenen 6&#8230;<\/p>\n","protected":false},"author":1,"featured_media":15687,"comment_status":"open","ping_status":"open","sticky":false,"template":"","format":"standard","meta":{"_crdt_document":"","footnotes":""},"categories":[5],"tags":[],"class_list":["post-15686","post","type-post","status-publish","format-standard","has-post-thumbnail","hentry","category-asayis"],"_links":{"self":[{"href":"https:\/\/www.egemtv.com\/index.php?rest_route=\/wp\/v2\/posts\/15686","targetHints":{"allow":["GET"]}}],"collection":[{"href":"https:\/\/www.egemtv.com\/index.php?rest_route=\/wp\/v2\/posts"}],"about":[{"href":"https:\/\/www.egemtv.com\/index.php?rest_route=\/wp\/v2\/types\/post"}],"author":[{"embeddable":true,"href":"https:\/\/www.egemtv.com\/index.php?rest_route=\/wp\/v2\/users\/1"}],"replies":[{"embeddable":true,"href":"https:\/\/www.egemtv.com\/index.php?rest_route=%2Fwp%2Fv2%2Fcomments&post=15686"}],"version-history":[{"count":1,"href":"https:\/\/www.egemtv.com\/index.php?rest_route=\/wp\/v2\/posts\/15686\/revisions"}],"predecessor-version":[{"id":15688,"href":"https:\/\/www.egemtv.com\/index.php?rest_route=\/wp\/v2\/posts\/15686\/revisions\/15688"}],"wp:featuredmedia":[{"embeddable":true,"href":"https:\/\/www.egemtv.com\/index.php?rest_route=\/wp\/v2\/media\/15687"}],"wp:attachment":[{"href":"https:\/\/www.egemtv.com\/index.php?rest_route=%2Fwp%2Fv2%2Fmedia&parent=15686"}],"wp:term":[{"taxonomy":"category","embeddable":true,"href":"https:\/\/www.egemtv.com\/index.php?rest_route=%2Fwp%2Fv2%2Fcategories&post=15686"},{"taxonomy":"post_tag","embeddable":true,"href":"https:\/\/www.egemtv.com\/index.php?rest_route=%2Fwp%2Fv2%2Ftags&post=15686"}],"curies":[{"name":"wp","href":"https:\/\/api.w.org\/{rel}","templated":true}]}}