{"id":15683,"date":"2025-02-05T11:46:21","date_gmt":"2025-02-05T08:46:21","guid":{"rendered":"https:\/\/www.egemtv.com\/?p=15683"},"modified":"2025-02-05T11:46:26","modified_gmt":"2025-02-05T08:46:26","slug":"seferihisar-tarim-ve-hayvancilik-fuarinda-yerini-aldi","status":"publish","type":"post","link":"https:\/\/www.egemtv.com\/?p=15683","title":{"rendered":"Seferihisar, Tar\u0131m ve Hayvanc\u0131l\u0131k Fuar\u0131\u2019nda yerini ald\u0131"},"content":{"rendered":"<p>Seferihisar Belediyesi ve il\u00e7edeki \u00fcretici dernekleri, mandalina kurusu, zeytinya\u011f\u0131, yerli tohum bankas\u0131 ve yerli \u00fcr\u00fcnleri ile Agroexpo Uluslararas\u0131 Tar\u0131m ve Hayvanc\u0131l\u0131k Fuar\u0131\u2019nda yerini ald\u0131.<br \/>\n<br \/>T\u00fcrkiye\u2019nin En b\u00fcy\u00fck, Avrupa\u2019n\u0131n d\u00f6rt b\u00fcy\u00fck tar\u0131m fuarlar\u0131ndan biri olan Agroexpo Uluslararas\u0131 Tar\u0131m ve Hayvanc\u0131l\u0131k Fuar\u0131 kap\u0131lar\u0131n\u0131 a\u00e7t\u0131. 04 &#8211; 08 \u015eubat 2025 tarihleri aras\u0131nda Fuar \u0130zmir\u2019de 20. kez ger\u00e7ekle\u015ftirilen Agroexpo; d\u00fcnya tar\u0131m ve hayvanc\u0131l\u0131k sekt\u00f6rlerinin bulu\u015fma noktas\u0131 oldu.<br \/>\n<br \/>Seferihisar Belediyesi ve \u00fcretici dernekleri mandalina kurusu, zeytinya\u011f\u0131, yerli tohum bankas\u0131 ve yerli \u00fcr\u00fcnleri ile A Holl\u2019de ziyaret\u00e7ilerini a\u011f\u0131rl\u0131yor. Seferihisar Belediye Ba\u015fkan\u0131 \u0130smail Yeti\u015fkin, t\u00fcm vatanda\u015flar\u0131 bu dev fuara davet ederken, &#8220;Temel hedefimiz, herkesin sa\u011fl\u0131kl\u0131 ve g\u00fcvenilir g\u0131daya eri\u015fimini m\u00fcmk\u00fcn k\u0131lmak ve refah\u0131 art\u0131rarak yerelden kalk\u0131nmay\u0131 sa\u011flamak. Seferihisar\u2019\u0131 tar\u0131mda bir d\u00fcnya markas\u0131 yapmak i\u00e7in \u00fcretmeye devam edece\u011fiz&#8221; dedi.<br \/><\/p>\n","protected":false},"excerpt":{"rendered":"<p>Seferihisar Belediyesi ve il\u00e7edeki \u00fcretici dernekleri, mandalina kurusu, zeytinya\u011f\u0131, yerli tohum bankas\u0131 ve yerli \u00fcr\u00fcnleri ile Agroexpo Uluslararas\u0131 Tar\u0131m ve Hayvanc\u0131l\u0131k Fuar\u0131\u2019nda yerini ald\u0131. T\u00fcrkiye\u2019nin En b\u00fcy\u00fck, Avrupa\u2019n\u0131n d\u00f6rt b\u00fcy\u00fck tar\u0131m fuarlar\u0131ndan biri olan Agroexpo Uluslararas\u0131 Tar\u0131m ve Hayvanc\u0131l\u0131k Fuar\u0131 kap\u0131lar\u0131n\u0131 a\u00e7t\u0131. 04 &#8211; 08 \u015eubat 2025 tarihleri aras\u0131nda Fuar \u0130zmir\u2019de 20. kez ger\u00e7ekle\u015ftirilen Agroexpo;&#8230;<\/p>\n","protected":false},"author":1,"featured_media":15684,"comment_status":"open","ping_status":"open","sticky":false,"template":"","format":"standard","meta":{"_crdt_document":"","footnotes":""},"categories":[1],"tags":[],"class_list":["post-15683","post","type-post","status-publish","format-standard","has-post-thumbnail","hentry","category-guncel"],"_links":{"self":[{"href":"https:\/\/www.egemtv.com\/index.php?rest_route=\/wp\/v2\/posts\/15683","targetHints":{"allow":["GET"]}}],"collection":[{"href":"https:\/\/www.egemtv.com\/index.php?rest_route=\/wp\/v2\/posts"}],"about":[{"href":"https:\/\/www.egemtv.com\/index.php?rest_route=\/wp\/v2\/types\/post"}],"author":[{"embeddable":true,"href":"https:\/\/www.egemtv.com\/index.php?rest_route=\/wp\/v2\/users\/1"}],"replies":[{"embeddable":true,"href":"https:\/\/www.egemtv.com\/index.php?rest_route=%2Fwp%2Fv2%2Fcomments&post=15683"}],"version-history":[{"count":1,"href":"https:\/\/www.egemtv.com\/index.php?rest_route=\/wp\/v2\/posts\/15683\/revisions"}],"predecessor-version":[{"id":15685,"href":"https:\/\/www.egemtv.com\/index.php?rest_route=\/wp\/v2\/posts\/15683\/revisions\/15685"}],"wp:featuredmedia":[{"embeddable":true,"href":"https:\/\/www.egemtv.com\/index.php?rest_route=\/wp\/v2\/media\/15684"}],"wp:attachment":[{"href":"https:\/\/www.egemtv.com\/index.php?rest_route=%2Fwp%2Fv2%2Fmedia&parent=15683"}],"wp:term":[{"taxonomy":"category","embeddable":true,"href":"https:\/\/www.egemtv.com\/index.php?rest_route=%2Fwp%2Fv2%2Fcategories&post=15683"},{"taxonomy":"post_tag","embeddable":true,"href":"https:\/\/www.egemtv.com\/index.php?rest_route=%2Fwp%2Fv2%2Ftags&post=15683"}],"curies":[{"name":"wp","href":"https:\/\/api.w.org\/{rel}","templated":true}]}}