{"id":15671,"date":"2025-02-05T11:31:02","date_gmt":"2025-02-05T08:31:02","guid":{"rendered":"https:\/\/www.egemtv.com\/?p=15671"},"modified":"2025-02-05T11:31:07","modified_gmt":"2025-02-05T08:31:07","slug":"yunusemrede-subat-ayi-meclis-toplantisi-yapildi","status":"publish","type":"post","link":"https:\/\/www.egemtv.com\/?p=15671","title":{"rendered":"Yunusemre\u2019de \u015fubat ay\u0131 meclis toplant\u0131s\u0131 yap\u0131ld\u0131"},"content":{"rendered":"<p>Yunusemre Belediyesi, \u015eubat Ay\u0131 Meclis Toplant\u0131s\u0131, Belediye Ba\u015fkan\u0131 Semih Balaban ba\u015fkanl\u0131\u011f\u0131nda ger\u00e7ekle\u015ftirildi.<br \/>\n<br \/>Yunusemre Belediye Meclisi, Millet \u00c7ar\u015f\u0131s\u0131 Etkinlik Salonu\u2019nda topland\u0131. Belediye Ba\u015fkan\u0131 Semih Balaban ba\u015fkanl\u0131\u011f\u0131nda yap\u0131lan \u015fubat ay\u0131 toplant\u0131s\u0131 2 oturum halinde ger\u00e7ekle\u015ftirildi. 38 maddenin g\u00f6r\u00fc\u015f\u00fcld\u00fc\u011f\u00fc toplant\u0131da denetim komisyonunda Ensar G\u00fcnayd\u0131n\u2019dan bo\u015falan koltu\u011fa Mertcan \u00dcreten se\u00e7ildi. Toplant\u0131da imar plan\u0131nda yap\u0131lan revizyonlar da g\u00f6r\u00fc\u015f\u00fcl\u00fcrken; bu konuda ortak ak\u0131lla bir \u00e7al\u0131\u015fma y\u00fcr\u00fct\u00fcld\u00fc\u011f\u00fcne dikkat \u00e7ekildi.<br \/>\n<br \/>Meclis, 6 \u015eubat depremlerinde vefat eden vatanda\u015flar\u0131 da unutmad\u0131. Depremde hayat\u0131n\u0131 kaybeden vatanda\u015flar\u0131n an\u0131ld\u0131\u011f\u0131 toplant\u0131da yap\u0131 stokunun yenilenmesi, kentsel d\u00f6n\u00fc\u015f\u00fcm ve imar plan\u0131n\u0131n \u00f6nemine vurgu yap\u0131ld\u0131. Mart Ay\u0131 Meclis Toplant\u0131s\u0131\u2019n\u0131n 4 Mart Sal\u0131 g\u00fcn\u00fc saat 17.00\u2019de yap\u0131lmas\u0131 kararla\u015ft\u0131r\u0131ld\u0131.<br \/><\/p>\n","protected":false},"excerpt":{"rendered":"<p>Yunusemre Belediyesi, \u015eubat Ay\u0131 Meclis Toplant\u0131s\u0131, Belediye Ba\u015fkan\u0131 Semih Balaban ba\u015fkanl\u0131\u011f\u0131nda ger\u00e7ekle\u015ftirildi. Yunusemre Belediye Meclisi, Millet \u00c7ar\u015f\u0131s\u0131 Etkinlik Salonu\u2019nda topland\u0131. Belediye Ba\u015fkan\u0131 Semih Balaban ba\u015fkanl\u0131\u011f\u0131nda yap\u0131lan \u015fubat ay\u0131 toplant\u0131s\u0131 2 oturum halinde ger\u00e7ekle\u015ftirildi. 38 maddenin g\u00f6r\u00fc\u015f\u00fcld\u00fc\u011f\u00fc toplant\u0131da denetim komisyonunda Ensar G\u00fcnayd\u0131n\u2019dan bo\u015falan koltu\u011fa Mertcan \u00dcreten se\u00e7ildi. Toplant\u0131da imar plan\u0131nda yap\u0131lan revizyonlar da g\u00f6r\u00fc\u015f\u00fcl\u00fcrken; bu konuda&#8230;<\/p>\n","protected":false},"author":1,"featured_media":15672,"comment_status":"open","ping_status":"open","sticky":false,"template":"","format":"standard","meta":{"_crdt_document":"","footnotes":""},"categories":[127],"tags":[],"class_list":["post-15671","post","type-post","status-publish","format-standard","has-post-thumbnail","hentry","category-siyaset"],"_links":{"self":[{"href":"https:\/\/www.egemtv.com\/index.php?rest_route=\/wp\/v2\/posts\/15671","targetHints":{"allow":["GET"]}}],"collection":[{"href":"https:\/\/www.egemtv.com\/index.php?rest_route=\/wp\/v2\/posts"}],"about":[{"href":"https:\/\/www.egemtv.com\/index.php?rest_route=\/wp\/v2\/types\/post"}],"author":[{"embeddable":true,"href":"https:\/\/www.egemtv.com\/index.php?rest_route=\/wp\/v2\/users\/1"}],"replies":[{"embeddable":true,"href":"https:\/\/www.egemtv.com\/index.php?rest_route=%2Fwp%2Fv2%2Fcomments&post=15671"}],"version-history":[{"count":1,"href":"https:\/\/www.egemtv.com\/index.php?rest_route=\/wp\/v2\/posts\/15671\/revisions"}],"predecessor-version":[{"id":15673,"href":"https:\/\/www.egemtv.com\/index.php?rest_route=\/wp\/v2\/posts\/15671\/revisions\/15673"}],"wp:featuredmedia":[{"embeddable":true,"href":"https:\/\/www.egemtv.com\/index.php?rest_route=\/wp\/v2\/media\/15672"}],"wp:attachment":[{"href":"https:\/\/www.egemtv.com\/index.php?rest_route=%2Fwp%2Fv2%2Fmedia&parent=15671"}],"wp:term":[{"taxonomy":"category","embeddable":true,"href":"https:\/\/www.egemtv.com\/index.php?rest_route=%2Fwp%2Fv2%2Fcategories&post=15671"},{"taxonomy":"post_tag","embeddable":true,"href":"https:\/\/www.egemtv.com\/index.php?rest_route=%2Fwp%2Fv2%2Ftags&post=15671"}],"curies":[{"name":"wp","href":"https:\/\/api.w.org\/{rel}","templated":true}]}}