{"id":15665,"date":"2025-02-05T11:08:45","date_gmt":"2025-02-05T08:08:45","guid":{"rendered":"https:\/\/www.egemtv.com\/?p=15665"},"modified":"2025-02-05T11:08:51","modified_gmt":"2025-02-05T08:08:51","slug":"musiad-mugla-subesi-turkiye-suriye-iktisadi-isbirligi-zirvesine-katildi","status":"publish","type":"post","link":"https:\/\/www.egemtv.com\/?p=15665","title":{"rendered":"M\u00dcS\u0130AD Mu\u011fla \u015eubesi, T\u00fcrkiye-Suriye \u0130ktisadi \u0130\u015fbirli\u011fi Zirvesine kat\u0131ld\u0131"},"content":{"rendered":"<p>Suriye\u2019nin sanayi ve ticaret altyap\u0131s\u0131n\u0131n yeniden imar\u0131 i\u00e7in T\u00fcrk ve Suriyeli i\u015f adamlar\u0131 Gaziantep\u2019te bir araya geldi. T\u00fcrkiye-Suriye \u0130ktisadi \u0130\u015f Birli\u011fi Zirvesine Mu\u011fla\u2019dan M\u00fcstakil Sanayici ve \u0130\u015fadamlar\u0131 Derne\u011fi (M\u00dcS\u0130AD) Mu\u011fla \u015eubesi de kat\u0131larak stant a\u00e7t\u0131. Etkinlikte M\u00dcS\u0130AD Mu\u011fla \u015eube Ba\u015fkan\u0131 Nevzat Ayka\u00e7 Ticaret Bakan\u0131 Prof. Dr. \u00d6mer Bolat ile bir araya geldi.<br \/>\n<br \/>Organizasyonda, T\u00fcrk i\u015f adamlar\u0131 firmalar\u0131na y\u00f6nelik stant a\u00e7arken, yeni d\u00f6nemde \u00f6zg\u00fcr Suriye\u2019nin sanayi ve ticaret altyap\u0131s\u0131n\u0131n yeniden in\u015fas\u0131 i\u00e7in yap\u0131labilecekler, imk\u00e2nlar, muhtemel zorluklar masaya yat\u0131r\u0131larak fikir al\u0131\u015fveri\u015finde bulunuldu.<br \/>\n<br \/>M\u00dcS\u0130AD ve IBF ortakl\u0131\u011f\u0131yla d\u00fczenlenen T\u00fcrkiye-Suriye \u0130ktisadi \u0130\u015f Birli\u011fi Zirvesine 900\u2019den fazla T\u00fcrk, 500\u2019den fazla Suriyeli i\u015f adam\u0131 kat\u0131l\u0131m sa\u011flarken, Ticaret Bakan\u0131 Prof. Dr. \u00d6mer Bolat, Gaziantep B\u00fcy\u00fck\u015fehir Belediye Ba\u015fkan\u0131 Fatma \u015eahin, M\u00dcS\u0130AD Genel Ba\u015fkan\u0131 Mahmut Asmal\u0131 ve IBF Ba\u015fkan\u0131 Erol Yarar etkinli\u011fe kat\u0131ld\u0131lar.<br \/>\n<br \/>T\u00fcrkiye-Suriye \u0130ktisadi \u0130\u015fbirli\u011fi Zirvesi\u2019ne kat\u0131lan M\u00dcS\u0130AD Mu\u011fla Ba\u015fkan\u0131 Nevzat Ayka\u00e7, etkinli\u011fe kat\u0131lan Ticaret Bakan\u0131 Prof. Dr. \u00d6mer Bolat ile bir araya geldi. M\u00dcS\u0130AD Mu\u011fla \u015eubesi\u2019nin \u00e7al\u0131\u015fmalar\u0131 hakk\u0131nda Bakan Bolat\u2019a bilgi veren Ayka\u00e7\u2019a ba\u015fkan yard\u0131mc\u0131lar\u0131 Yunus Manav ve Hamza Akercan, y\u00f6netim kurulu \u00fcyeleri \u0130lbeyi Koca, G\u00f6khan G\u00fcne\u015f, Mehmet Ali Kalay ve \u00f6nceki d\u00f6nem ba\u015fkan\u0131 Kaz\u0131m Demir e\u015flik etti.<br \/>\n<br \/>M\u00dcS\u0130AD Mu\u011fla \u015eubesi \u00f6nceki d\u00f6nem Ba\u015fkan\u0131 Kaz\u0131m Demir, Y\u00f6netim Kurulu \u00dcyesi Mehmet Ali Kalay, Dalaman Manavlar Ticaret ile Bodrum Ceylan Hafriyat fuara kat\u0131l\u0131m sa\u011flayarak stant a\u00e7t\u0131lar ve ziyaret\u00e7ileri a\u011f\u0131rlad\u0131lar.<br \/><\/p>\n","protected":false},"excerpt":{"rendered":"<p>Suriye\u2019nin sanayi ve ticaret altyap\u0131s\u0131n\u0131n yeniden imar\u0131 i\u00e7in T\u00fcrk ve Suriyeli i\u015f adamlar\u0131 Gaziantep\u2019te bir araya geldi. T\u00fcrkiye-Suriye \u0130ktisadi \u0130\u015f Birli\u011fi Zirvesine Mu\u011fla\u2019dan M\u00fcstakil Sanayici ve \u0130\u015fadamlar\u0131 Derne\u011fi (M\u00dcS\u0130AD) Mu\u011fla \u015eubesi de kat\u0131larak stant a\u00e7t\u0131. Etkinlikte M\u00dcS\u0130AD Mu\u011fla \u015eube Ba\u015fkan\u0131 Nevzat Ayka\u00e7 Ticaret Bakan\u0131 Prof. Dr. \u00d6mer Bolat ile bir araya geldi. Organizasyonda, T\u00fcrk i\u015f&#8230;<\/p>\n","protected":false},"author":1,"featured_media":15666,"comment_status":"open","ping_status":"open","sticky":false,"template":"","format":"standard","meta":{"_crdt_document":"","footnotes":""},"categories":[125],"tags":[],"class_list":["post-15665","post","type-post","status-publish","format-standard","has-post-thumbnail","hentry","category-ekonomi"],"_links":{"self":[{"href":"https:\/\/www.egemtv.com\/index.php?rest_route=\/wp\/v2\/posts\/15665","targetHints":{"allow":["GET"]}}],"collection":[{"href":"https:\/\/www.egemtv.com\/index.php?rest_route=\/wp\/v2\/posts"}],"about":[{"href":"https:\/\/www.egemtv.com\/index.php?rest_route=\/wp\/v2\/types\/post"}],"author":[{"embeddable":true,"href":"https:\/\/www.egemtv.com\/index.php?rest_route=\/wp\/v2\/users\/1"}],"replies":[{"embeddable":true,"href":"https:\/\/www.egemtv.com\/index.php?rest_route=%2Fwp%2Fv2%2Fcomments&post=15665"}],"version-history":[{"count":1,"href":"https:\/\/www.egemtv.com\/index.php?rest_route=\/wp\/v2\/posts\/15665\/revisions"}],"predecessor-version":[{"id":15667,"href":"https:\/\/www.egemtv.com\/index.php?rest_route=\/wp\/v2\/posts\/15665\/revisions\/15667"}],"wp:featuredmedia":[{"embeddable":true,"href":"https:\/\/www.egemtv.com\/index.php?rest_route=\/wp\/v2\/media\/15666"}],"wp:attachment":[{"href":"https:\/\/www.egemtv.com\/index.php?rest_route=%2Fwp%2Fv2%2Fmedia&parent=15665"}],"wp:term":[{"taxonomy":"category","embeddable":true,"href":"https:\/\/www.egemtv.com\/index.php?rest_route=%2Fwp%2Fv2%2Fcategories&post=15665"},{"taxonomy":"post_tag","embeddable":true,"href":"https:\/\/www.egemtv.com\/index.php?rest_route=%2Fwp%2Fv2%2Ftags&post=15665"}],"curies":[{"name":"wp","href":"https:\/\/api.w.org\/{rel}","templated":true}]}}