{"id":15662,"date":"2025-02-05T11:06:06","date_gmt":"2025-02-05T08:06:06","guid":{"rendered":"https:\/\/www.egemtv.com\/?p=15662"},"modified":"2025-02-05T11:06:11","modified_gmt":"2025-02-05T08:06:11","slug":"kutahyada-8-koyde-yaklasik-5-bin-500-dekar-mera-alani-gubrelendi","status":"publish","type":"post","link":"https:\/\/www.egemtv.com\/?p=15662","title":{"rendered":"K\u00fctahya\u2019da 8 k\u00f6yde yakla\u015f\u0131k 5 bin 500 dekar mera alan\u0131 g\u00fcbrelendi"},"content":{"rendered":"<p>K\u00fctahya merkez ve 3 il\u00e7edeki 8 k\u00f6yde yakla\u015f\u0131k 5 bin 500 dekar mera alan\u0131n\u0131n g\u00fcbrelendi\u011fi bildirildi.<br \/>\n<br \/>Mera Islah ve Amenajman Projeleri \u00e7er\u00e7evesinde Merkez, Tav\u015fanl\u0131, Alt\u0131nta\u015f ve Simav il\u00e7elerinde bulunan 8 k\u00f6yde yakla\u015f\u0131k 5 bin 500 dekar mera alan\u0131nda 56 ton g\u00fcbre ile g\u00fcbreleme yap\u0131ld\u0131.<br \/><\/p>\n","protected":false},"excerpt":{"rendered":"<p>K\u00fctahya merkez ve 3 il\u00e7edeki 8 k\u00f6yde yakla\u015f\u0131k 5 bin 500 dekar mera alan\u0131n\u0131n g\u00fcbrelendi\u011fi bildirildi. Mera Islah ve Amenajman Projeleri \u00e7er\u00e7evesinde Merkez, Tav\u015fanl\u0131, Alt\u0131nta\u015f ve Simav il\u00e7elerinde bulunan 8 k\u00f6yde yakla\u015f\u0131k 5 bin 500 dekar mera alan\u0131nda 56 ton g\u00fcbre ile g\u00fcbreleme yap\u0131ld\u0131.<\/p>\n","protected":false},"author":1,"featured_media":15663,"comment_status":"open","ping_status":"open","sticky":false,"template":"","format":"standard","meta":{"_crdt_document":"","footnotes":""},"categories":[125],"tags":[],"class_list":["post-15662","post","type-post","status-publish","format-standard","has-post-thumbnail","hentry","category-ekonomi"],"_links":{"self":[{"href":"https:\/\/www.egemtv.com\/index.php?rest_route=\/wp\/v2\/posts\/15662","targetHints":{"allow":["GET"]}}],"collection":[{"href":"https:\/\/www.egemtv.com\/index.php?rest_route=\/wp\/v2\/posts"}],"about":[{"href":"https:\/\/www.egemtv.com\/index.php?rest_route=\/wp\/v2\/types\/post"}],"author":[{"embeddable":true,"href":"https:\/\/www.egemtv.com\/index.php?rest_route=\/wp\/v2\/users\/1"}],"replies":[{"embeddable":true,"href":"https:\/\/www.egemtv.com\/index.php?rest_route=%2Fwp%2Fv2%2Fcomments&post=15662"}],"version-history":[{"count":1,"href":"https:\/\/www.egemtv.com\/index.php?rest_route=\/wp\/v2\/posts\/15662\/revisions"}],"predecessor-version":[{"id":15664,"href":"https:\/\/www.egemtv.com\/index.php?rest_route=\/wp\/v2\/posts\/15662\/revisions\/15664"}],"wp:featuredmedia":[{"embeddable":true,"href":"https:\/\/www.egemtv.com\/index.php?rest_route=\/wp\/v2\/media\/15663"}],"wp:attachment":[{"href":"https:\/\/www.egemtv.com\/index.php?rest_route=%2Fwp%2Fv2%2Fmedia&parent=15662"}],"wp:term":[{"taxonomy":"category","embeddable":true,"href":"https:\/\/www.egemtv.com\/index.php?rest_route=%2Fwp%2Fv2%2Fcategories&post=15662"},{"taxonomy":"post_tag","embeddable":true,"href":"https:\/\/www.egemtv.com\/index.php?rest_route=%2Fwp%2Fv2%2Ftags&post=15662"}],"curies":[{"name":"wp","href":"https:\/\/api.w.org\/{rel}","templated":true}]}}