{"id":15620,"date":"2025-02-05T10:47:39","date_gmt":"2025-02-05T07:47:39","guid":{"rendered":"https:\/\/www.egemtv.com\/?p=15620"},"modified":"2025-02-05T10:47:44","modified_gmt":"2025-02-05T07:47:44","slug":"ak-parti-gediz-ilce-teskilatindan-il-baskanligina-ziyaret","status":"publish","type":"post","link":"https:\/\/www.egemtv.com\/?p=15620","title":{"rendered":"AK Parti Gediz il\u00e7e Te\u015fkilat\u0131\u2019ndan il ba\u015fkanl\u0131\u011f\u0131na ziyaret"},"content":{"rendered":"<p>K\u00fctahya\u2019n\u0131n Gediz il\u00e7esinde, AK Parti \u0130l\u00e7e Ba\u015fkan\u0131 Osman Y\u0131lmaz ve y\u00f6netim kurulu \u00fcyeleri, AK Parti K\u00fctahya \u0130l Ba\u015fkanl\u0131\u011f\u0131na se\u00e7ilen Ceyda \u00c7etin Erenler\u2019i ziyaret ederek hay\u0131rl\u0131 olsun dileklerini iletti.<br \/>\n<br \/>Ziyarete, Gediz \u0130l\u00e7e Ba\u015fkan\u0131 Osman Y\u0131lmaz, Kad\u0131n Kollar\u0131 Ba\u015fkan\u0131 \u0130smi Naz Kandemir, G\u00f6kler Belde Belediye Ba\u015fkan\u0131 Kerim \u015eahin, y\u00f6netim kurulu \u00fcyeleri, belediye meclisi \u00fcyeleri, belde ba\u015fkanlar\u0131 ve kad\u0131n kollar\u0131 y\u00f6netim kurulu \u00fcyeleri kat\u0131ld\u0131. Heyet, AK Parti K\u00fctahya \u0130l Ba\u015fkan\u0131 Ceyda \u00c7etin Erenler ve Kad\u0131n Kollar\u0131 Ba\u015fkan\u0131 Sevdenur Karabacak \u00c7ak\u0131c\u0131 ile bir araya geldi.<br \/>\n<br \/>Ziyaret sonras\u0131 a\u00e7\u0131klama yapan AK Parti Gediz \u0130l\u00e7e Ba\u015fkan\u0131 Osman Y\u0131lmaz, &#8220;Gediz \u0130l\u00e7e Te\u015fkilat\u0131 olarak \u0130l Ba\u015fkan\u0131m\u0131z Say\u0131n Ceyda \u00c7etin Erenler\u2019i ve Kad\u0131n Kollar\u0131 Ba\u015fkan\u0131m\u0131z Say\u0131n Sevdenur Karabacak \u00c7ak\u0131c\u0131\u2019y\u0131 ziyaret ederek, yeni g\u00f6revlerinde ba\u015far\u0131lar diledik. \u0130l Ba\u015fkan\u0131m\u0131za, y\u00f6netimine ve te\u015fkilat\u0131m\u0131za hay\u0131rl\u0131 olmas\u0131n\u0131 temenni ediyoruz. \u0130l Ba\u015fkan\u0131m\u0131z\u0131n \u00f6nderli\u011finde ilimize ve il\u00e7elerimize g\u00fczel hizmetler kazand\u0131r\u0131laca\u011f\u0131na inan\u0131yoruz&#8221; dedi.<br \/>\n<br \/>G\u00f6kler Belediye Ba\u015fkan\u0131 Kerim \u015eahin ise, &#8220;AK Parti ailesi olarak birlik ve beraberlik i\u00e7inde \u00e7al\u0131\u015fmaya devam ediyoruz. Yeni \u0130l Ba\u015fkan\u0131m\u0131z Say\u0131n Ceyda \u00c7etin Erenler\u2019e ve ekibine ba\u015far\u0131lar diliyorum. \u0130n\u015fallah hep birlikte g\u00fczel hizmetlere imza ataca\u011f\u0131z&#8221; \u015feklinde konu\u015ftu.<br \/>\n<br \/>Ziyaretin ard\u0131ndan, heyet \u0130l Ba\u015fkanl\u0131\u011f\u0131 yetkilileri ile g\u00f6r\u00fc\u015ferek te\u015fkilat \u00e7al\u0131\u015fmalar\u0131 hakk\u0131nda isti\u015farelerde bulundu.<br \/><\/p>\n","protected":false},"excerpt":{"rendered":"<p>K\u00fctahya\u2019n\u0131n Gediz il\u00e7esinde, AK Parti \u0130l\u00e7e Ba\u015fkan\u0131 Osman Y\u0131lmaz ve y\u00f6netim kurulu \u00fcyeleri, AK Parti K\u00fctahya \u0130l Ba\u015fkanl\u0131\u011f\u0131na se\u00e7ilen Ceyda \u00c7etin Erenler\u2019i ziyaret ederek hay\u0131rl\u0131 olsun dileklerini iletti. Ziyarete, Gediz \u0130l\u00e7e Ba\u015fkan\u0131 Osman Y\u0131lmaz, Kad\u0131n Kollar\u0131 Ba\u015fkan\u0131 \u0130smi Naz Kandemir, G\u00f6kler Belde Belediye Ba\u015fkan\u0131 Kerim \u015eahin, y\u00f6netim kurulu \u00fcyeleri, belediye meclisi \u00fcyeleri, belde ba\u015fkanlar\u0131 ve&#8230;<\/p>\n","protected":false},"author":1,"featured_media":15621,"comment_status":"open","ping_status":"open","sticky":false,"template":"","format":"standard","meta":{"_crdt_document":"","footnotes":""},"categories":[127],"tags":[],"class_list":["post-15620","post","type-post","status-publish","format-standard","has-post-thumbnail","hentry","category-siyaset"],"_links":{"self":[{"href":"https:\/\/www.egemtv.com\/index.php?rest_route=\/wp\/v2\/posts\/15620","targetHints":{"allow":["GET"]}}],"collection":[{"href":"https:\/\/www.egemtv.com\/index.php?rest_route=\/wp\/v2\/posts"}],"about":[{"href":"https:\/\/www.egemtv.com\/index.php?rest_route=\/wp\/v2\/types\/post"}],"author":[{"embeddable":true,"href":"https:\/\/www.egemtv.com\/index.php?rest_route=\/wp\/v2\/users\/1"}],"replies":[{"embeddable":true,"href":"https:\/\/www.egemtv.com\/index.php?rest_route=%2Fwp%2Fv2%2Fcomments&post=15620"}],"version-history":[{"count":1,"href":"https:\/\/www.egemtv.com\/index.php?rest_route=\/wp\/v2\/posts\/15620\/revisions"}],"predecessor-version":[{"id":15624,"href":"https:\/\/www.egemtv.com\/index.php?rest_route=\/wp\/v2\/posts\/15620\/revisions\/15624"}],"wp:featuredmedia":[{"embeddable":true,"href":"https:\/\/www.egemtv.com\/index.php?rest_route=\/wp\/v2\/media\/15621"}],"wp:attachment":[{"href":"https:\/\/www.egemtv.com\/index.php?rest_route=%2Fwp%2Fv2%2Fmedia&parent=15620"}],"wp:term":[{"taxonomy":"category","embeddable":true,"href":"https:\/\/www.egemtv.com\/index.php?rest_route=%2Fwp%2Fv2%2Fcategories&post=15620"},{"taxonomy":"post_tag","embeddable":true,"href":"https:\/\/www.egemtv.com\/index.php?rest_route=%2Fwp%2Fv2%2Ftags&post=15620"}],"curies":[{"name":"wp","href":"https:\/\/api.w.org\/{rel}","templated":true}]}}