{"id":15617,"date":"2025-02-05T10:47:33","date_gmt":"2025-02-05T07:47:33","guid":{"rendered":"https:\/\/www.egemtv.com\/?p=15617"},"modified":"2025-02-05T10:47:39","modified_gmt":"2025-02-05T07:47:39","slug":"vali-isin-hayvanlari-hapsetmeyelim-dogal-yasam-alanlari-icin-projeler-gelistirelim","status":"publish","type":"post","link":"https:\/\/www.egemtv.com\/?p=15617","title":{"rendered":"Vali I\u015f\u0131n, &#8220;Hayvanlar\u0131 hapsetmeyelim, do\u011fal ya\u015fam alanlar\u0131 i\u00e7in projeler geli\u015ftirelim&#8221;"},"content":{"rendered":"<p>K\u00fctahya \u0130li Sahipsiz Hayvanlar\u0131 Koruma Birli\u011fi Meclisi, Vali Musa I\u015f\u0131n ba\u015fkanl\u0131\u011f\u0131nda topland\u0131. Toplant\u0131ya il ve il\u00e7e belediyeleri ile \u0130l \u00d6zel \u0130daresi temsilcileri kat\u0131ld\u0131.<br \/>\n<br \/>Toplant\u0131n\u0131n g\u00fcndeminde, 13 Aral\u0131k 2024 tarihli Resmi Gazete\u2019de yay\u0131mlanan ve 5199 say\u0131l\u0131 Hayvanlar\u0131 Koruma Kanunu\u2019nda de\u011fi\u015fiklik \u00f6ng\u00f6ren 7527 Say\u0131l\u0131 &#8220;Hayvanlar\u0131 Koruma Kanununda De\u011fi\u015fiklik Yap\u0131lmas\u0131na Dair Kanun&#8221; yer ald\u0131. Bu kapsamda, hayvan refah\u0131n\u0131 g\u00f6zeten yeni d\u00fczenlemeler ve uygulama y\u00f6netmeli\u011fi de\u011ferlendirildi. Ayr\u0131ca, yerel y\u00f6netim birimlerinin ve belediyelerin sahipsiz hayvanlarla ilgili sorumluluklar\u0131 detayl\u0131 bir \u015fekilde ele al\u0131nd\u0131.<br \/>\n<br \/>Toplant\u0131da konu\u015fan Vali Musa I\u015f\u0131n, hayvan refah\u0131na dikkat \u00e7ekerek, &#8220;Hayvanlar\u0131 hapsetmeyelim, do\u011fal ya\u015fam alanlar\u0131 projelerinin daha fazla \u00fczerinde dural\u0131m. Mesele sadece hayvanlar\u0131 bir yere toplamak de\u011fil, onlar\u0131n ya\u015famlar\u0131n\u0131 s\u00fcrd\u00fcrebilmelerini de sa\u011flamam\u0131z gerekiyor&#8221; dedi.<br \/>\n<br \/>Vali I\u015f\u0131n, il ve il\u00e7e belediyelerinin katk\u0131lar\u0131yla sahipsiz hayvanlarla ilgili \u015fikayetlerin azald\u0131\u011f\u0131n\u0131 belirterek, &#8220;Sorunlar\u0131 daha da aza indirip bu meselenin \u00fcstesinden gelece\u011fiz. Hayvanlar\u0131m\u0131z\u0131 incitmeden, zarar vermeden, y\u00f6netmelik kapsam\u0131nda gereken t\u00fcm ad\u0131mlar\u0131 ataca\u011f\u0131z&#8221; ifadelerini kulland\u0131.<br \/>\n<br \/>Toplant\u0131da ayr\u0131ca, bar\u0131nak ve do\u011fal ya\u015fam alan\u0131 projelerinin maliyet \u00e7al\u0131\u015fmalar\u0131 da de\u011ferlendirildi. Vali I\u015f\u0131n, K\u00fctahya Merkez\u2019de ilk etapta 20 bin metrekarelik bir alan \u00fczerine do\u011fal ya\u015fam alan\u0131 kurulmas\u0131 i\u00e7in \u00e7al\u0131\u015fmalar\u0131n ba\u015flat\u0131laca\u011f\u0131n\u0131 a\u00e7\u0131klad\u0131.<br \/>\n<br \/>Toplant\u0131 sonunda, K\u00fctahya genelinde sahipsiz hayvanlarla ilgili yap\u0131lacak \u00e7al\u0131\u015fmalar, yeni bak\u0131mevlerinin in\u015fas\u0131 ve ya\u015fam alanlar\u0131n\u0131n tahsisi konular\u0131nda \u00f6nemli kararlar al\u0131nd\u0131.<br \/><\/p>\n","protected":false},"excerpt":{"rendered":"<p>K\u00fctahya \u0130li Sahipsiz Hayvanlar\u0131 Koruma Birli\u011fi Meclisi, Vali Musa I\u015f\u0131n ba\u015fkanl\u0131\u011f\u0131nda topland\u0131. Toplant\u0131ya il ve il\u00e7e belediyeleri ile \u0130l \u00d6zel \u0130daresi temsilcileri kat\u0131ld\u0131. Toplant\u0131n\u0131n g\u00fcndeminde, 13 Aral\u0131k 2024 tarihli Resmi Gazete\u2019de yay\u0131mlanan ve 5199 say\u0131l\u0131 Hayvanlar\u0131 Koruma Kanunu\u2019nda de\u011fi\u015fiklik \u00f6ng\u00f6ren 7527 Say\u0131l\u0131 &#8220;Hayvanlar\u0131 Koruma Kanununda De\u011fi\u015fiklik Yap\u0131lmas\u0131na Dair Kanun&#8221; yer ald\u0131. Bu kapsamda, hayvan refah\u0131n\u0131&#8230;<\/p>\n","protected":false},"author":1,"featured_media":15618,"comment_status":"open","ping_status":"open","sticky":false,"template":"","format":"standard","meta":{"_crdt_document":"","footnotes":""},"categories":[1],"tags":[],"class_list":["post-15617","post","type-post","status-publish","format-standard","has-post-thumbnail","hentry","category-guncel"],"_links":{"self":[{"href":"https:\/\/www.egemtv.com\/index.php?rest_route=\/wp\/v2\/posts\/15617","targetHints":{"allow":["GET"]}}],"collection":[{"href":"https:\/\/www.egemtv.com\/index.php?rest_route=\/wp\/v2\/posts"}],"about":[{"href":"https:\/\/www.egemtv.com\/index.php?rest_route=\/wp\/v2\/types\/post"}],"author":[{"embeddable":true,"href":"https:\/\/www.egemtv.com\/index.php?rest_route=\/wp\/v2\/users\/1"}],"replies":[{"embeddable":true,"href":"https:\/\/www.egemtv.com\/index.php?rest_route=%2Fwp%2Fv2%2Fcomments&post=15617"}],"version-history":[{"count":1,"href":"https:\/\/www.egemtv.com\/index.php?rest_route=\/wp\/v2\/posts\/15617\/revisions"}],"predecessor-version":[{"id":15619,"href":"https:\/\/www.egemtv.com\/index.php?rest_route=\/wp\/v2\/posts\/15617\/revisions\/15619"}],"wp:featuredmedia":[{"embeddable":true,"href":"https:\/\/www.egemtv.com\/index.php?rest_route=\/wp\/v2\/media\/15618"}],"wp:attachment":[{"href":"https:\/\/www.egemtv.com\/index.php?rest_route=%2Fwp%2Fv2%2Fmedia&parent=15617"}],"wp:term":[{"taxonomy":"category","embeddable":true,"href":"https:\/\/www.egemtv.com\/index.php?rest_route=%2Fwp%2Fv2%2Fcategories&post=15617"},{"taxonomy":"post_tag","embeddable":true,"href":"https:\/\/www.egemtv.com\/index.php?rest_route=%2Fwp%2Fv2%2Ftags&post=15617"}],"curies":[{"name":"wp","href":"https:\/\/api.w.org\/{rel}","templated":true}]}}