{"id":15614,"date":"2025-02-05T10:47:25","date_gmt":"2025-02-05T07:47:25","guid":{"rendered":"https:\/\/www.egemtv.com\/?p=15614"},"modified":"2025-02-05T10:47:32","modified_gmt":"2025-02-05T07:47:32","slug":"mudur-mustafa-yilmaz-velilerin-egitime-katilimi-basariyi-artirir","status":"publish","type":"post","link":"https:\/\/www.egemtv.com\/?p=15614","title":{"rendered":"M\u00fcd\u00fcr Mustafa Y\u0131lmaz: &#8220;Velilerin e\u011fitime kat\u0131l\u0131m\u0131 ba\u015far\u0131y\u0131 art\u0131r\u0131r&#8221;"},"content":{"rendered":"<p>K\u00fctahya \u0130l Mill\u00ee E\u011fitim M\u00fcd\u00fcr\u00fc Mustafa Y\u0131lmaz, \u00d6\u011fretmenevinde d\u00fczenlenen toplant\u0131da bas\u0131n mensuplar\u0131yla bulu\u015ftu. Toplant\u0131ya \u0130l Mill\u00ee E\u011fitim M\u00fcd\u00fcr Yard\u0131mc\u0131lar\u0131 Muhsin Kaymak, Hamdi Sar\u0131\u00f6z ve Hakan G\u00f6lp\u0131nar da kat\u0131ld\u0131. Programda, e\u011fitim alan\u0131nda yap\u0131lan \u00e7al\u0131\u015fmalar, mesleki e\u011fitimdeki geli\u015fmeler ve yeni e\u011fitim modelleri hakk\u0131nda \u00f6nemli a\u00e7\u0131klamalarda bulunan Y\u0131lmaz, bas\u0131n mensuplar\u0131n\u0131n sorular\u0131n\u0131 da yan\u0131tlad\u0131.<br \/>\n<br \/>E\u011fitimde s\u00fcrd\u00fcr\u00fclebilir geli\u015fimin \u00f6nemine vurgu yapan Y\u0131lmaz, yap\u0131lan \u00e7al\u0131\u015fmalar\u0131 daha ileriye ta\u015f\u0131may\u0131 hedeflediklerini belirtti. T\u00fcrkiye Y\u00fczy\u0131l\u0131 Maarif Modeli\u2019nin e\u011fitimde yeni bir anlay\u0131\u015f sundu\u011funu ifade eden Y\u0131lmaz, &#8220;Bu model, \u00f6\u011frencilerin yaparak, ya\u015fayarak ve uygulayarak \u00f6\u011frenmesini esas al\u0131yor&#8221; dedi.<br \/>\n<br \/>Mesleki e\u011fitimin \u00f6nemine de\u011finen Y\u0131lmaz, K\u00fctahya sanayisinin \u00f6nemli bir \u00fcretim merkezi oldu\u011funu belirterek, &#8220;Bu nedenle mesleki e\u011fitimi g\u00fc\u00e7lendirmek ve sanayinin ihtiya\u00e7lar\u0131na uygun \u015fekilde geli\u015ftirmek \u00f6ncelikli hedeflerimizden biri&#8221; \u015feklinde konu\u015ftu.<br \/>\n<br \/>M\u00fcd\u00fcr Y\u0131lmaz, \u00f6\u011frencilere daha nitelikli e\u011fitim sunmak i\u00e7in sanayi ile i\u015f birli\u011fi i\u00e7inde \u00e7al\u0131\u015ft\u0131klar\u0131n\u0131 bildirdi.<\/p>\n<p>&#8220;Avrupa \u00fclkelerinde mesleki e\u011fitim oran\u0131n\u0131n y\u00fczde 60&#8221;<br \/>\n<br \/>E\u011fitimde ba\u015far\u0131n\u0131n en \u00f6nemli unsurlar\u0131ndan birinin velilerle i\u015f birli\u011fi oldu\u011funu vurgulayan Y\u0131lmaz, &#8220;Velilerimizi e\u011fitim s\u00fcre\u00e7lerine dahil ederek \u00e7ocuklar\u0131m\u0131z\u0131n geli\u015fimini daha verimli hale getirebiliriz. Velilerimizin deste\u011fi olmadan e\u011fitimde istenilen ba\u015far\u0131y\u0131 yakalamak zor&#8221; ifadelerini kulland\u0131.<br \/>\n<br \/>Deprem ve yang\u0131n g\u00fcvenli\u011fi konusunda hassasiyetle \u00e7al\u0131\u015fmalar y\u00fcr\u00fctt\u00fcklerini belirten Y\u0131lmaz, &#8220;Tefti\u015flerimiz devam ediyor. E\u011fer bir bina g\u00fcvenlik a\u00e7\u0131s\u0131ndan risk ta\u015f\u0131yorsa kapat\u0131lacakt\u0131r. \u00d6nceli\u011fimiz \u00f6\u011frencilerimizin ve \u00f6\u011fretmenlerimizin g\u00fcvenli\u011fi,&#8221; dedi.<br \/>\n<br \/>Mesleki e\u011fitimin K\u00fctahya i\u00e7in b\u00fcy\u00fck bir f\u0131rsat oldu\u011funu ifade eden Y\u0131lmaz, Avrupa \u00fclkelerinde mesleki e\u011fitim oran\u0131n\u0131n y\u00fczde 60 civar\u0131nda oldu\u011funu, ancak K\u00fctahya\u2019da bu oran\u0131n daha d\u00fc\u015f\u00fck seviyelerde bulundu\u011funu belirtti. &#8220;Sanayi ile i\u015f birli\u011fi i\u00e7inde meslek liselerini g\u00fc\u00e7lendirmeliyiz. \u0130\u015fletmelerde staj yapan \u00f6\u011frencilerin g\u00fcvenli\u011fi ve e\u011fitimi konusunda titizlikle \u00e7al\u0131\u015faca\u011f\u0131z,&#8221; dedi.<br \/>\n<br \/>E\u011fitimde ba\u015far\u0131n\u0131n yaln\u0131zca Mill\u00ee E\u011fitim\u2019in sorumlulu\u011funda olmad\u0131\u011f\u0131n\u0131 vurgulayan Y\u0131lmaz, &#8220;E\u011fitimde ilerleme kaydetmek i\u00e7in veliler, sanayiciler, b\u00fcrokratlar ve \u00f6\u011fretmenler hep birlikte hareket etmeliyiz. El birli\u011fiyle K\u00fctahya\u2019n\u0131n e\u011fitim seviyesini y\u00fckseltece\u011fiz&#8221; ifadelerini kulland\u0131.<br \/><\/p>\n","protected":false},"excerpt":{"rendered":"<p>K\u00fctahya \u0130l Mill\u00ee E\u011fitim M\u00fcd\u00fcr\u00fc Mustafa Y\u0131lmaz, \u00d6\u011fretmenevinde d\u00fczenlenen toplant\u0131da bas\u0131n mensuplar\u0131yla bulu\u015ftu. Toplant\u0131ya \u0130l Mill\u00ee E\u011fitim M\u00fcd\u00fcr Yard\u0131mc\u0131lar\u0131 Muhsin Kaymak, Hamdi Sar\u0131\u00f6z ve Hakan G\u00f6lp\u0131nar da kat\u0131ld\u0131. Programda, e\u011fitim alan\u0131nda yap\u0131lan \u00e7al\u0131\u015fmalar, mesleki e\u011fitimdeki geli\u015fmeler ve yeni e\u011fitim modelleri hakk\u0131nda \u00f6nemli a\u00e7\u0131klamalarda bulunan Y\u0131lmaz, bas\u0131n mensuplar\u0131n\u0131n sorular\u0131n\u0131 da yan\u0131tlad\u0131. E\u011fitimde s\u00fcrd\u00fcr\u00fclebilir geli\u015fimin \u00f6nemine vurgu&#8230;<\/p>\n","protected":false},"author":1,"featured_media":15615,"comment_status":"open","ping_status":"open","sticky":false,"template":"","format":"standard","meta":{"_crdt_document":"","footnotes":""},"categories":[1],"tags":[],"class_list":["post-15614","post","type-post","status-publish","format-standard","has-post-thumbnail","hentry","category-guncel"],"_links":{"self":[{"href":"https:\/\/www.egemtv.com\/index.php?rest_route=\/wp\/v2\/posts\/15614","targetHints":{"allow":["GET"]}}],"collection":[{"href":"https:\/\/www.egemtv.com\/index.php?rest_route=\/wp\/v2\/posts"}],"about":[{"href":"https:\/\/www.egemtv.com\/index.php?rest_route=\/wp\/v2\/types\/post"}],"author":[{"embeddable":true,"href":"https:\/\/www.egemtv.com\/index.php?rest_route=\/wp\/v2\/users\/1"}],"replies":[{"embeddable":true,"href":"https:\/\/www.egemtv.com\/index.php?rest_route=%2Fwp%2Fv2%2Fcomments&post=15614"}],"version-history":[{"count":1,"href":"https:\/\/www.egemtv.com\/index.php?rest_route=\/wp\/v2\/posts\/15614\/revisions"}],"predecessor-version":[{"id":15616,"href":"https:\/\/www.egemtv.com\/index.php?rest_route=\/wp\/v2\/posts\/15614\/revisions\/15616"}],"wp:featuredmedia":[{"embeddable":true,"href":"https:\/\/www.egemtv.com\/index.php?rest_route=\/wp\/v2\/media\/15615"}],"wp:attachment":[{"href":"https:\/\/www.egemtv.com\/index.php?rest_route=%2Fwp%2Fv2%2Fmedia&parent=15614"}],"wp:term":[{"taxonomy":"category","embeddable":true,"href":"https:\/\/www.egemtv.com\/index.php?rest_route=%2Fwp%2Fv2%2Fcategories&post=15614"},{"taxonomy":"post_tag","embeddable":true,"href":"https:\/\/www.egemtv.com\/index.php?rest_route=%2Fwp%2Fv2%2Ftags&post=15614"}],"curies":[{"name":"wp","href":"https:\/\/api.w.org\/{rel}","templated":true}]}}