{"id":15611,"date":"2025-02-05T10:47:17","date_gmt":"2025-02-05T07:47:17","guid":{"rendered":"https:\/\/www.egemtv.com\/?p=15611"},"modified":"2025-02-05T10:47:25","modified_gmt":"2025-02-05T07:47:25","slug":"mhpnin-kutahya-istisare-ve-degerlendirme-toplantisi-murat-daginda-yapildi","status":"publish","type":"post","link":"https:\/\/www.egemtv.com\/?p=15611","title":{"rendered":"MHP\u2019nin K\u00fctahya isti\u015fare ve de\u011ferlendirme toplant\u0131s\u0131 Murat Da\u011f\u0131\u2019nda yap\u0131ld\u0131"},"content":{"rendered":"<p>Milliyet\u00e7i Hareket Partisi (MHP) K\u00fctahya heyeti, Gediz\u2019de d\u00fczenlenen ayl\u0131k isti\u015fare ve de\u011ferlendirme toplant\u0131s\u0131nda bir araya geldi.<br \/>\n<br \/>Gediz Belediye Ba\u015fkan\u0131 Necdet Akel\u2019in ev sahipli\u011finde Muratda\u011f\u0131 Termal Kayak Merkezi\u2019nde ger\u00e7ekle\u015ftirilen toplant\u0131ya, \u0130\u00e7i\u015fleri Komisyonu Ba\u015fkan Vekili ve MHP K\u00fctahya Milletvekili Ahmet Erba\u015f ba\u015fkanl\u0131k etti.<br \/>\n<br \/>Toplant\u0131ya, Milletvekili Ahmet Erba\u015f\u2019\u0131n yan\u0131 s\u0131ra Gediz Belediye Ba\u015fkan\u0131 Necdet Akel, il\u00e7e ve belde belediye ba\u015fkanlar\u0131, MHP \u0130l, \u0130l\u00e7e ve Belde Ba\u015fkanlar\u0131, MHP Gediz \u0130l\u00e7e Ba\u015fkan\u0131 Fatih Ayd\u0131n, Gediz Belediye Ba\u015fkan Yard\u0131mc\u0131lar\u0131 Mehmet Paksoy ve Bayram Sar\u0131, \u0130l Genel Meclisi \u00dcyeleri, MHP Gediz \u0130l\u00e7e Y\u00f6netimi ve Belediye Meclis \u00dcyeleri kat\u0131l\u0131m sa\u011flad\u0131.<br \/>\n<br \/>Toplant\u0131 \u00f6ncesinde, Milletvekili Ahmet Erba\u015f ve Gediz Belediye Ba\u015fkan\u0131 Necdet Akel, il\u00e7e esnaf\u0131n\u0131 ziyaret ederek hay\u0131rl\u0131 i\u015fler dileklerinde bulundu. Esnaf ziyaretlerinin ard\u0131ndan Muratda\u011f\u0131 Kayak Evi\u2019nde ger\u00e7ekle\u015ftirilen toplant\u0131da, b\u00f6lgenin kalk\u0131nmas\u0131 ve yerel sorunlar ele al\u0131nd\u0131. Kat\u0131l\u0131mc\u0131lar, il\u00e7enin geli\u015fimine y\u00f6nelik \u00f6nemli de\u011ferlendirmelerde bulunarak \u00e7\u00f6z\u00fcm \u00f6nerilerini tart\u0131\u015ft\u0131.<br \/><\/p>\n","protected":false},"excerpt":{"rendered":"<p>Milliyet\u00e7i Hareket Partisi (MHP) K\u00fctahya heyeti, Gediz\u2019de d\u00fczenlenen ayl\u0131k isti\u015fare ve de\u011ferlendirme toplant\u0131s\u0131nda bir araya geldi. Gediz Belediye Ba\u015fkan\u0131 Necdet Akel\u2019in ev sahipli\u011finde Muratda\u011f\u0131 Termal Kayak Merkezi\u2019nde ger\u00e7ekle\u015ftirilen toplant\u0131ya, \u0130\u00e7i\u015fleri Komisyonu Ba\u015fkan Vekili ve MHP K\u00fctahya Milletvekili Ahmet Erba\u015f ba\u015fkanl\u0131k etti. Toplant\u0131ya, Milletvekili Ahmet Erba\u015f\u2019\u0131n yan\u0131 s\u0131ra Gediz Belediye Ba\u015fkan\u0131 Necdet Akel, il\u00e7e ve belde&#8230;<\/p>\n","protected":false},"author":1,"featured_media":15612,"comment_status":"open","ping_status":"open","sticky":false,"template":"","format":"standard","meta":{"_crdt_document":"","footnotes":""},"categories":[127],"tags":[],"class_list":["post-15611","post","type-post","status-publish","format-standard","has-post-thumbnail","hentry","category-siyaset"],"_links":{"self":[{"href":"https:\/\/www.egemtv.com\/index.php?rest_route=\/wp\/v2\/posts\/15611","targetHints":{"allow":["GET"]}}],"collection":[{"href":"https:\/\/www.egemtv.com\/index.php?rest_route=\/wp\/v2\/posts"}],"about":[{"href":"https:\/\/www.egemtv.com\/index.php?rest_route=\/wp\/v2\/types\/post"}],"author":[{"embeddable":true,"href":"https:\/\/www.egemtv.com\/index.php?rest_route=\/wp\/v2\/users\/1"}],"replies":[{"embeddable":true,"href":"https:\/\/www.egemtv.com\/index.php?rest_route=%2Fwp%2Fv2%2Fcomments&post=15611"}],"version-history":[{"count":1,"href":"https:\/\/www.egemtv.com\/index.php?rest_route=\/wp\/v2\/posts\/15611\/revisions"}],"predecessor-version":[{"id":15613,"href":"https:\/\/www.egemtv.com\/index.php?rest_route=\/wp\/v2\/posts\/15611\/revisions\/15613"}],"wp:featuredmedia":[{"embeddable":true,"href":"https:\/\/www.egemtv.com\/index.php?rest_route=\/wp\/v2\/media\/15612"}],"wp:attachment":[{"href":"https:\/\/www.egemtv.com\/index.php?rest_route=%2Fwp%2Fv2%2Fmedia&parent=15611"}],"wp:term":[{"taxonomy":"category","embeddable":true,"href":"https:\/\/www.egemtv.com\/index.php?rest_route=%2Fwp%2Fv2%2Fcategories&post=15611"},{"taxonomy":"post_tag","embeddable":true,"href":"https:\/\/www.egemtv.com\/index.php?rest_route=%2Fwp%2Fv2%2Ftags&post=15611"}],"curies":[{"name":"wp","href":"https:\/\/api.w.org\/{rel}","templated":true}]}}