{"id":15608,"date":"2025-02-05T10:47:04","date_gmt":"2025-02-05T07:47:04","guid":{"rendered":"https:\/\/www.egemtv.com\/?p=15608"},"modified":"2025-02-05T10:47:16","modified_gmt":"2025-02-05T07:47:16","slug":"afyonkarahisarda-silahli-teror-orgutune-uye-olan-kadin-yakalandi","status":"publish","type":"post","link":"https:\/\/www.egemtv.com\/?p=15608","title":{"rendered":"Afyonkarahisar\u2019da silahl\u0131 ter\u00f6r \u00f6rg\u00fct\u00fcne \u00fcye olan kad\u0131n yakaland\u0131"},"content":{"rendered":"<p>Afyonkarahisar\u2019da silahl\u0131 ter\u00f6r \u00f6rg\u00fct\u00fcne \u00fcye olmas\u0131 su\u00e7undan aranan kad\u0131n \u015fah\u0131s jandarman\u0131n \u00e7al\u0131\u015fmas\u0131 ile yakalanarak cezaevine g\u00f6nderildi.<br \/>\n<br \/>Afyonkarahisar \u0130l Jandarma Komutanl\u0131\u011f\u0131, aranan \u015fah\u0131slar\u0131n tespiti ve yakalanmas\u0131 y\u00f6nelik \u00e7al\u0131\u015fmalar\u0131na devam ediyor. Bu \u00e7er\u00e7evede yap\u0131lan titiz \u00e7al\u0131\u015fmalar neticesinde; hakk\u0131nda silahl\u0131 ter\u00f6r \u00f6rg\u00fct\u00fcne \u00fcye olma su\u00e7undan aranan E.K. isimli kad\u0131n \u015fah\u0131s S\u00fcl\u00fcmenli\u2019de yakaland\u0131. Yakalanan \u015fah\u0131s, \u00e7\u0131kar\u0131ld\u0131\u011f\u0131 mahkemece tutuklanarak Afyonkarahisar T Tipi Kapal\u0131 Ceza \u0130nfaz Kurumuna teslim edildi.<br \/><\/p>\n","protected":false},"excerpt":{"rendered":"<p>Afyonkarahisar\u2019da silahl\u0131 ter\u00f6r \u00f6rg\u00fct\u00fcne \u00fcye olmas\u0131 su\u00e7undan aranan kad\u0131n \u015fah\u0131s jandarman\u0131n \u00e7al\u0131\u015fmas\u0131 ile yakalanarak cezaevine g\u00f6nderildi. Afyonkarahisar \u0130l Jandarma Komutanl\u0131\u011f\u0131, aranan \u015fah\u0131slar\u0131n tespiti ve yakalanmas\u0131 y\u00f6nelik \u00e7al\u0131\u015fmalar\u0131na devam ediyor. Bu \u00e7er\u00e7evede yap\u0131lan titiz \u00e7al\u0131\u015fmalar neticesinde; hakk\u0131nda silahl\u0131 ter\u00f6r \u00f6rg\u00fct\u00fcne \u00fcye olma su\u00e7undan aranan E.K. isimli kad\u0131n \u015fah\u0131s S\u00fcl\u00fcmenli\u2019de yakaland\u0131. Yakalanan \u015fah\u0131s, \u00e7\u0131kar\u0131ld\u0131\u011f\u0131 mahkemece tutuklanarak Afyonkarahisar&#8230;<\/p>\n","protected":false},"author":1,"featured_media":15609,"comment_status":"open","ping_status":"open","sticky":false,"template":"","format":"standard","meta":{"_crdt_document":"","footnotes":""},"categories":[5],"tags":[],"class_list":["post-15608","post","type-post","status-publish","format-standard","has-post-thumbnail","hentry","category-asayis"],"_links":{"self":[{"href":"https:\/\/www.egemtv.com\/index.php?rest_route=\/wp\/v2\/posts\/15608","targetHints":{"allow":["GET"]}}],"collection":[{"href":"https:\/\/www.egemtv.com\/index.php?rest_route=\/wp\/v2\/posts"}],"about":[{"href":"https:\/\/www.egemtv.com\/index.php?rest_route=\/wp\/v2\/types\/post"}],"author":[{"embeddable":true,"href":"https:\/\/www.egemtv.com\/index.php?rest_route=\/wp\/v2\/users\/1"}],"replies":[{"embeddable":true,"href":"https:\/\/www.egemtv.com\/index.php?rest_route=%2Fwp%2Fv2%2Fcomments&post=15608"}],"version-history":[{"count":1,"href":"https:\/\/www.egemtv.com\/index.php?rest_route=\/wp\/v2\/posts\/15608\/revisions"}],"predecessor-version":[{"id":15610,"href":"https:\/\/www.egemtv.com\/index.php?rest_route=\/wp\/v2\/posts\/15608\/revisions\/15610"}],"wp:featuredmedia":[{"embeddable":true,"href":"https:\/\/www.egemtv.com\/index.php?rest_route=\/wp\/v2\/media\/15609"}],"wp:attachment":[{"href":"https:\/\/www.egemtv.com\/index.php?rest_route=%2Fwp%2Fv2%2Fmedia&parent=15608"}],"wp:term":[{"taxonomy":"category","embeddable":true,"href":"https:\/\/www.egemtv.com\/index.php?rest_route=%2Fwp%2Fv2%2Fcategories&post=15608"},{"taxonomy":"post_tag","embeddable":true,"href":"https:\/\/www.egemtv.com\/index.php?rest_route=%2Fwp%2Fv2%2Ftags&post=15608"}],"curies":[{"name":"wp","href":"https:\/\/api.w.org\/{rel}","templated":true}]}}