{"id":15605,"date":"2025-02-05T10:38:06","date_gmt":"2025-02-05T07:38:06","guid":{"rendered":"https:\/\/www.egemtv.com\/?p=15605"},"modified":"2025-02-05T10:38:10","modified_gmt":"2025-02-05T07:38:10","slug":"sosyal-medyadan-teror-orgutu-propagandasi-yapan-5-kisi-gozaltina-alindi","status":"publish","type":"post","link":"https:\/\/www.egemtv.com\/?p=15605","title":{"rendered":"Sosyal medyadan ter\u00f6r \u00f6rg\u00fct\u00fc propagandas\u0131 yapan 5 ki\u015fi g\u00f6zalt\u0131na al\u0131nd\u0131"},"content":{"rendered":"<p>Manisa \u0130l Jandarma Komutanl\u0131\u011f\u0131 TEM \u015eube M\u00fcd\u00fcrl\u00fc\u011f\u00fcnce \u015eehzadeler, Yunusemre, Turgutlu ve Soma il\u00e7elerinde sosyal medya \u00fczerinden PKK\/KCK silahl\u0131 ter\u00f6r \u00f6rg\u00fct\u00fc propagandas\u0131 yapt\u0131\u011f\u0131 tespit edilen 5 \u015fah\u0131s e\u015f zamanl\u0131 yap\u0131lan operasyonlarla g\u00f6zalt\u0131na al\u0131nd\u0131.<br \/>\n<br \/>Manisa \u0130l Jandarma Komutanl\u0131\u011f\u0131 TEM \u015eube M\u00fcd\u00fcrl\u00fc\u011f\u00fcnce, ter\u00f6r \u00f6rg\u00fct\u00fcn\u00fcn eylemlerinin engellenmesi, \u00f6rg\u00fct \u00fcyelerinin de\u015fifre edilmesi ve etkinliklerinin \u00f6nlenmesine y\u00f6nelik Manisa Cumhuriyet Ba\u015fsavc\u0131l\u0131\u011f\u0131n\u0131n koordinesinde, sosyal medya \u00fczerinde PKK\/KCK silahl\u0131 ter\u00f6r \u00f6rg\u00fct\u00fc propagandas\u0131 yapt\u0131\u011f\u0131 tespit edilen 5 \u015fah\u0131s Manisa\u2019n\u0131n \u015eehzadeler, Turgutlu, Soma ve Yunusemre il\u00e7elerinde e\u015f zamanl\u0131 d\u00fczenlenen operasyonlarla g\u00f6zalt\u0131na al\u0131nd\u0131. \u2019Silahl\u0131 Ter\u00f6r \u00d6rg\u00fct\u00fc Propagandas\u0131 Yapmak\u2019 su\u00e7undan g\u00f6zalt\u0131na al\u0131nan \u015fah\u0131slar\u0131n adli i\u015flemlerinin devam etti\u011fi \u00f6\u011frenildi.<br \/><\/p>\n","protected":false},"excerpt":{"rendered":"<p>Manisa \u0130l Jandarma Komutanl\u0131\u011f\u0131 TEM \u015eube M\u00fcd\u00fcrl\u00fc\u011f\u00fcnce \u015eehzadeler, Yunusemre, Turgutlu ve Soma il\u00e7elerinde sosyal medya \u00fczerinden PKK\/KCK silahl\u0131 ter\u00f6r \u00f6rg\u00fct\u00fc propagandas\u0131 yapt\u0131\u011f\u0131 tespit edilen 5 \u015fah\u0131s e\u015f zamanl\u0131 yap\u0131lan operasyonlarla g\u00f6zalt\u0131na al\u0131nd\u0131. Manisa \u0130l Jandarma Komutanl\u0131\u011f\u0131 TEM \u015eube M\u00fcd\u00fcrl\u00fc\u011f\u00fcnce, ter\u00f6r \u00f6rg\u00fct\u00fcn\u00fcn eylemlerinin engellenmesi, \u00f6rg\u00fct \u00fcyelerinin de\u015fifre edilmesi ve etkinliklerinin \u00f6nlenmesine y\u00f6nelik Manisa Cumhuriyet Ba\u015fsavc\u0131l\u0131\u011f\u0131n\u0131n koordinesinde,&#8230;<\/p>\n","protected":false},"author":1,"featured_media":15606,"comment_status":"open","ping_status":"open","sticky":false,"template":"","format":"standard","meta":{"_crdt_document":"","footnotes":""},"categories":[5],"tags":[],"class_list":["post-15605","post","type-post","status-publish","format-standard","has-post-thumbnail","hentry","category-asayis"],"_links":{"self":[{"href":"https:\/\/www.egemtv.com\/index.php?rest_route=\/wp\/v2\/posts\/15605","targetHints":{"allow":["GET"]}}],"collection":[{"href":"https:\/\/www.egemtv.com\/index.php?rest_route=\/wp\/v2\/posts"}],"about":[{"href":"https:\/\/www.egemtv.com\/index.php?rest_route=\/wp\/v2\/types\/post"}],"author":[{"embeddable":true,"href":"https:\/\/www.egemtv.com\/index.php?rest_route=\/wp\/v2\/users\/1"}],"replies":[{"embeddable":true,"href":"https:\/\/www.egemtv.com\/index.php?rest_route=%2Fwp%2Fv2%2Fcomments&post=15605"}],"version-history":[{"count":1,"href":"https:\/\/www.egemtv.com\/index.php?rest_route=\/wp\/v2\/posts\/15605\/revisions"}],"predecessor-version":[{"id":15607,"href":"https:\/\/www.egemtv.com\/index.php?rest_route=\/wp\/v2\/posts\/15605\/revisions\/15607"}],"wp:featuredmedia":[{"embeddable":true,"href":"https:\/\/www.egemtv.com\/index.php?rest_route=\/wp\/v2\/media\/15606"}],"wp:attachment":[{"href":"https:\/\/www.egemtv.com\/index.php?rest_route=%2Fwp%2Fv2%2Fmedia&parent=15605"}],"wp:term":[{"taxonomy":"category","embeddable":true,"href":"https:\/\/www.egemtv.com\/index.php?rest_route=%2Fwp%2Fv2%2Fcategories&post=15605"},{"taxonomy":"post_tag","embeddable":true,"href":"https:\/\/www.egemtv.com\/index.php?rest_route=%2Fwp%2Fv2%2Ftags&post=15605"}],"curies":[{"name":"wp","href":"https:\/\/api.w.org\/{rel}","templated":true}]}}