{"id":15602,"date":"2025-02-05T10:38:02","date_gmt":"2025-02-05T07:38:02","guid":{"rendered":"https:\/\/www.egemtv.com\/?p=15602"},"modified":"2025-02-05T10:38:06","modified_gmt":"2025-02-05T07:38:06","slug":"aydinda-29-kisi-uyusturucudan-tutuklandi","status":"publish","type":"post","link":"https:\/\/www.egemtv.com\/?p=15602","title":{"rendered":"Ayd\u0131n\u2019da 29 ki\u015fi uyu\u015fturucudan tutukland\u0131"},"content":{"rendered":"<p>Ayd\u0131n il genelinde jandarma ve emniyet g\u00fc\u00e7leri taraf\u0131ndan ger\u00e7ekle\u015ftirilen operasyonlar kapsam\u0131nda 2025 y\u0131l\u0131n\u0131n Ocak ay\u0131nda 29 ki\u015fi uyu\u015fturucudan tutuklanarak cezaevine g\u00f6nderildi.<\/p>\n<p>Ayd\u0131n\u2019da jandarma ve emniyet g\u00fc\u00e7leri, uyu\u015fturucu ile m\u00fccadele kapsam\u0131nda y\u00fcr\u00fctt\u00fckleri etkin \u00e7al\u0131\u015fmalar\u0131na devam ediyor. \u0130l genelinde uyu\u015fturucu madde kullan\u0131m\u0131 ve ticaretiyle m\u00fccadele amac\u0131yla d\u00fczenlenen operasyonlar ve denetimler, halk\u0131n g\u00fcvenli\u011fini sa\u011flamaya y\u00f6nelik b\u00fcy\u00fck bir kararl\u0131l\u0131kla s\u00fcrd\u00fcr\u00fcl\u00fcrken Ayd\u0131n Valili\u011fi 2025 y\u0131l\u0131 Ocak ay\u0131 verilerini payla\u015ft\u0131.<\/p>\n<p>Valilikten yap\u0131lan uyu\u015fturucu verilerine dayanan a\u00e7\u0131klamaya g\u00f6re, Ayd\u0131n\u2019da 2025 y\u0131l\u0131 Ocak ay\u0131nda kullan\u0131c\u0131l\u0131k ve di\u011fer su\u00e7lar 296 olay meydana gelirken 313 ki\u015fi g\u00f6zalt\u0131na al\u0131nd\u0131. Ger\u00e7ekle\u015ftirilen 33 operasyonda da 49 ki\u015fi g\u00f6zalt\u0131na al\u0131n\u0131rken, 29 ki\u015fi tutuklanarak cezaevine g\u00f6nderildi. 5 ki\u015fi de adli kontrol \u015fart\u0131 ile serbest b\u0131rak\u0131ld\u0131.<\/p>\n<p>Metamfetamin ilk s\u0131ra<br \/>\n<br \/>\u00d6te yandan ekiplerin ger\u00e7ekle\u015ftirdikleri \u00e7al\u0131\u015fmalarda 5, 228 kilogram metamfetamin, 0,644 kilogram esrar, 0,21 kilogram skunk, 0,021 kilogram eroin, 8 bin 132 adet ecstasy ve 7 bin 222 adet sentetik ecza ele ge\u00e7irildi\u011fi a\u00e7\u0131kland\u0131.<br \/><\/p>\n","protected":false},"excerpt":{"rendered":"<p>Ayd\u0131n il genelinde jandarma ve emniyet g\u00fc\u00e7leri taraf\u0131ndan ger\u00e7ekle\u015ftirilen operasyonlar kapsam\u0131nda 2025 y\u0131l\u0131n\u0131n Ocak ay\u0131nda 29 ki\u015fi uyu\u015fturucudan tutuklanarak cezaevine g\u00f6nderildi. Ayd\u0131n\u2019da jandarma ve emniyet g\u00fc\u00e7leri, uyu\u015fturucu ile m\u00fccadele kapsam\u0131nda y\u00fcr\u00fctt\u00fckleri etkin \u00e7al\u0131\u015fmalar\u0131na devam ediyor. \u0130l genelinde uyu\u015fturucu madde kullan\u0131m\u0131 ve ticaretiyle m\u00fccadele amac\u0131yla d\u00fczenlenen operasyonlar ve denetimler, halk\u0131n g\u00fcvenli\u011fini sa\u011flamaya y\u00f6nelik b\u00fcy\u00fck bir kararl\u0131l\u0131kla&#8230;<\/p>\n","protected":false},"author":1,"featured_media":15603,"comment_status":"open","ping_status":"open","sticky":false,"template":"","format":"standard","meta":{"_crdt_document":"","footnotes":""},"categories":[5],"tags":[],"class_list":["post-15602","post","type-post","status-publish","format-standard","has-post-thumbnail","hentry","category-asayis"],"_links":{"self":[{"href":"https:\/\/www.egemtv.com\/index.php?rest_route=\/wp\/v2\/posts\/15602","targetHints":{"allow":["GET"]}}],"collection":[{"href":"https:\/\/www.egemtv.com\/index.php?rest_route=\/wp\/v2\/posts"}],"about":[{"href":"https:\/\/www.egemtv.com\/index.php?rest_route=\/wp\/v2\/types\/post"}],"author":[{"embeddable":true,"href":"https:\/\/www.egemtv.com\/index.php?rest_route=\/wp\/v2\/users\/1"}],"replies":[{"embeddable":true,"href":"https:\/\/www.egemtv.com\/index.php?rest_route=%2Fwp%2Fv2%2Fcomments&post=15602"}],"version-history":[{"count":1,"href":"https:\/\/www.egemtv.com\/index.php?rest_route=\/wp\/v2\/posts\/15602\/revisions"}],"predecessor-version":[{"id":15604,"href":"https:\/\/www.egemtv.com\/index.php?rest_route=\/wp\/v2\/posts\/15602\/revisions\/15604"}],"wp:featuredmedia":[{"embeddable":true,"href":"https:\/\/www.egemtv.com\/index.php?rest_route=\/wp\/v2\/media\/15603"}],"wp:attachment":[{"href":"https:\/\/www.egemtv.com\/index.php?rest_route=%2Fwp%2Fv2%2Fmedia&parent=15602"}],"wp:term":[{"taxonomy":"category","embeddable":true,"href":"https:\/\/www.egemtv.com\/index.php?rest_route=%2Fwp%2Fv2%2Fcategories&post=15602"},{"taxonomy":"post_tag","embeddable":true,"href":"https:\/\/www.egemtv.com\/index.php?rest_route=%2Fwp%2Fv2%2Ftags&post=15602"}],"curies":[{"name":"wp","href":"https:\/\/api.w.org\/{rel}","templated":true}]}}