{"id":15587,"date":"2025-02-05T10:19:51","date_gmt":"2025-02-05T07:19:51","guid":{"rendered":"https:\/\/www.egemtv.com\/?p=15587"},"modified":"2025-02-05T10:19:55","modified_gmt":"2025-02-05T07:19:55","slug":"sarigolun-kadin-muhtarindan-yeni-hizmet","status":"publish","type":"post","link":"https:\/\/www.egemtv.com\/?p=15587","title":{"rendered":"Sar\u0131g\u00f6l\u2019\u00fcn kad\u0131n muhtar\u0131ndan yeni hizmet"},"content":{"rendered":"<p>Manisa\u2019n\u0131n Sar\u0131g\u00f6l il\u00e7esinin Cumhuriyet Mahallesi Muhtar\u0131 Ay\u015fe Y\u0131lmaz G\u00f6nen, mahalle halk\u0131 i\u00e7in hizmetlerine aral\u0131ks\u0131z devam ediyor. Bir \u00e7ok projeyi hayata ge\u00e7iren G\u00f6nen, \u015fimdi de mahalle sakinlerinin katk\u0131lar\u0131yla sandalye, masa, taziye ve mevlit \u00e7ad\u0131r\u0131 ile k\u00fc\u00e7\u00fck sehpalar temin ederek mahalle halk\u0131n\u0131n hizmetine sundu.<br \/>\n<br \/>\u0130l\u00e7enin tek kad\u0131n muhtar\u0131 olan G\u00f6nen, g\u00f6reve ba\u015flad\u0131\u011f\u0131ndan bu yana mahallelinin ihtiya\u00e7lar\u0131n\u0131 kar\u015f\u0131lamak ad\u0131na \u00e7e\u015fitli projeleri hayata ge\u00e7irdi.<br \/>\n<br \/>\u0130lk olarak mahallelinin i\u015flerini zaman\u0131nda yapabilmeleri i\u00e7in bir muhtarl\u0131k b\u00fcrosu kuran G\u00f6nen, ard\u0131ndan ihtiya\u00e7 sahibi ki\u015filer i\u00e7in \u2019Mutlu Giyim Evi\u2019ni hizmete a\u00e7t\u0131. \u015eimdi de mahalle sakinlerinin katk\u0131lar\u0131yla sandalye, masa, \u00e7ay oca\u011f\u0131, taziye ve mevlit \u00e7ad\u0131r\u0131 ile k\u00fc\u00e7\u00fck sehpalar temin ederek mahalle halk\u0131n\u0131n hizmetine sundu.<br \/>\n<br \/>&#8220;Her \u015fey mahallem i\u00e7in&#8221; diyen Muhtar Ay\u015fe Y\u0131lmaz G\u00f6nen, hizmetlerin artarak devam edece\u011fini belirterek, &#8220;Se\u00e7imde mahalle halk\u0131ma verdi\u011fim s\u00f6zleri s\u0131ras\u0131yla yerine getiriyorum. \u00d6nce muhtarl\u0131k ofisini, ard\u0131ndan Mutlu Giyim Evi\u2019ni, \u015fimdi de mahallemin hay\u0131rseverlerinin deste\u011fiyle taziye \u00e7ad\u0131r\u0131, sandalyeler, masalar, \u00e7ay oca\u011f\u0131 ve k\u00fc\u00e7\u00fck sehpalar temin ettik. Bu malzemeler mahallemizde taziye ve mevlitlerde kullan\u0131lacak. Mahallem i\u00e7in vaatlerimi s\u0131ras\u0131yla yaparak hizmet etmeye devam edece\u011fim.&#8221; dedi.<br \/><\/p>\n","protected":false},"excerpt":{"rendered":"<p>Manisa\u2019n\u0131n Sar\u0131g\u00f6l il\u00e7esinin Cumhuriyet Mahallesi Muhtar\u0131 Ay\u015fe Y\u0131lmaz G\u00f6nen, mahalle halk\u0131 i\u00e7in hizmetlerine aral\u0131ks\u0131z devam ediyor. Bir \u00e7ok projeyi hayata ge\u00e7iren G\u00f6nen, \u015fimdi de mahalle sakinlerinin katk\u0131lar\u0131yla sandalye, masa, taziye ve mevlit \u00e7ad\u0131r\u0131 ile k\u00fc\u00e7\u00fck sehpalar temin ederek mahalle halk\u0131n\u0131n hizmetine sundu. \u0130l\u00e7enin tek kad\u0131n muhtar\u0131 olan G\u00f6nen, g\u00f6reve ba\u015flad\u0131\u011f\u0131ndan bu yana mahallelinin ihtiya\u00e7lar\u0131n\u0131 kar\u015f\u0131lamak&#8230;<\/p>\n","protected":false},"author":1,"featured_media":15588,"comment_status":"open","ping_status":"open","sticky":false,"template":"","format":"standard","meta":{"_crdt_document":"","footnotes":""},"categories":[127],"tags":[],"class_list":["post-15587","post","type-post","status-publish","format-standard","has-post-thumbnail","hentry","category-siyaset"],"_links":{"self":[{"href":"https:\/\/www.egemtv.com\/index.php?rest_route=\/wp\/v2\/posts\/15587","targetHints":{"allow":["GET"]}}],"collection":[{"href":"https:\/\/www.egemtv.com\/index.php?rest_route=\/wp\/v2\/posts"}],"about":[{"href":"https:\/\/www.egemtv.com\/index.php?rest_route=\/wp\/v2\/types\/post"}],"author":[{"embeddable":true,"href":"https:\/\/www.egemtv.com\/index.php?rest_route=\/wp\/v2\/users\/1"}],"replies":[{"embeddable":true,"href":"https:\/\/www.egemtv.com\/index.php?rest_route=%2Fwp%2Fv2%2Fcomments&post=15587"}],"version-history":[{"count":1,"href":"https:\/\/www.egemtv.com\/index.php?rest_route=\/wp\/v2\/posts\/15587\/revisions"}],"predecessor-version":[{"id":15589,"href":"https:\/\/www.egemtv.com\/index.php?rest_route=\/wp\/v2\/posts\/15587\/revisions\/15589"}],"wp:featuredmedia":[{"embeddable":true,"href":"https:\/\/www.egemtv.com\/index.php?rest_route=\/wp\/v2\/media\/15588"}],"wp:attachment":[{"href":"https:\/\/www.egemtv.com\/index.php?rest_route=%2Fwp%2Fv2%2Fmedia&parent=15587"}],"wp:term":[{"taxonomy":"category","embeddable":true,"href":"https:\/\/www.egemtv.com\/index.php?rest_route=%2Fwp%2Fv2%2Fcategories&post=15587"},{"taxonomy":"post_tag","embeddable":true,"href":"https:\/\/www.egemtv.com\/index.php?rest_route=%2Fwp%2Fv2%2Ftags&post=15587"}],"curies":[{"name":"wp","href":"https:\/\/api.w.org\/{rel}","templated":true}]}}