{"id":15584,"date":"2025-02-05T10:17:01","date_gmt":"2025-02-05T07:17:01","guid":{"rendered":"https:\/\/www.egemtv.com\/?p=15584"},"modified":"2025-02-05T10:17:07","modified_gmt":"2025-02-05T07:17:07","slug":"baskan-maras-aydin-ekonomisinin-altin-yili-ihracatta-tarihi-zirve-yasandi","status":"publish","type":"post","link":"https:\/\/www.egemtv.com\/?p=15584","title":{"rendered":"Ba\u015fkan Mara\u015f: &#8220;Ayd\u0131n ekonomisinin alt\u0131n y\u0131l\u0131, ihracatta tarihi zirve ya\u015fand\u0131&#8221;"},"content":{"rendered":"<p>Ayd\u0131n\u2019\u0131n 2024 y\u0131l\u0131 ihracat\u0131nda tarihinin en y\u00fcksek seviyesine ula\u015ft\u0131\u011f\u0131n\u0131 ifade eden Ayd\u0131n Sanayi Odas\u0131 Ba\u015fkan\u0131 G\u00f6khan Mara\u015f, &#8220;Ayd\u0131n ekonomisinin alt\u0131n y\u0131l\u0131, ihracatta tarihi zirve ya\u015fand\u0131&#8221; dedi.<\/p>\n<p>\u00d6nemli ihracat \u00fcr\u00fcnleri ile \u00fclke ekonomisine ciddi katk\u0131 sa\u011flayan Ayd\u0131n\u2019\u0131n 2024 y\u0131l\u0131 ihracat rakamlar\u0131n\u0131n a\u00e7\u0131klanmas\u0131n\u0131n ard\u0131ndan Ayd\u0131n Sanayi Odas\u0131 Ba\u015fkan\u0131 G\u00f6khan Mara\u015f, a\u00e7\u0131klamalarda bulunarak Ayd\u0131n\u2019\u0131n 2024 y\u0131l\u0131 ihracat\u0131nda tarihinin en y\u00fcksek seviyesine ula\u015ft\u0131\u011f\u0131n\u0131 belirtti. 2024 y\u0131l\u0131nda 1 milyara 850 milyon dolarl\u0131k ihracat ger\u00e7ekle\u015ftirildi\u011fini s\u00f6yleyen Mara\u015f; &#8220;Ayd\u0131n, 2024 y\u0131l\u0131nda 1 milyar 850 milyon dolarl\u0131k ihracatla tarihinin en y\u00fcksek seviyesine ula\u015ft\u0131 ve uluslararas\u0131 ticaretteki g\u00fcc\u00fcn\u00fc bir kez daha kan\u0131tlad\u0131. T\u00fcrkiye genelinde 21. s\u0131raya y\u00fckselen ilimiz, k\u00fcresel rekabetteki iddias\u0131n\u0131 art\u0131r\u0131rken, Orta-Y\u00fcksek ve Y\u00fcksek Teknolojili \u00fcr\u00fcnlerin ihracattaki pay\u0131n\u0131 y\u00fczde 30\u2019a yakla\u015ft\u0131rarak sanayide katma de\u011ferli \u00fcretimin \u00f6n\u00fcn\u00fc a\u00e7t\u0131. Bug\u00fcn Ayd\u0131n i\u00e7in bir d\u00f6n\u00fcm noktas\u0131d\u0131r. \u015eehrimiz, 1 milyar 850 milyon dolarl\u0131k ihracatla tarihinin en y\u00fcksek seviyesine ula\u015farak g\u00fcc\u00fcn\u00fc t\u00fcm d\u00fcnyaya g\u00f6stermi\u015ftir. Ayd\u0131n, art\u0131k yaln\u0131zca T\u00fcrkiye\u2019nin de\u011fil, d\u00fcnya ticaretinin de g\u00fc\u00e7l\u00fc oyuncular\u0131ndan biri konumuna gelmi\u015ftir. Bu ba\u015far\u0131 sanayicilerimizin vizyonu, giri\u015fimcilerimizin cesareti ve \u00e7al\u0131\u015fanlar\u0131m\u0131z\u0131n al\u0131n teri sayesinde ger\u00e7ekle\u015fmi\u015ftir. 2024 y\u0131l\u0131nda G\u0131da \u00dcr\u00fcnleri ve \u0130\u00e7ecek sekt\u00f6r\u00fcnde y\u00fczde 33,4, Makine ve Te\u00e7hizat sekt\u00f6r\u00fcnde ise y\u00fczde 19\u2019luk ihracat art\u0131\u015f\u0131 yakalayarak, \u00fcretim kapasitemizi ve rekabet g\u00fcc\u00fcm\u00fcz\u00fc art\u0131rd\u0131k. Bu ba\u015far\u0131, Ayd\u0131n\u2019\u0131n potansiyelinin ne kadar b\u00fcy\u00fck oldu\u011funun kan\u0131t\u0131d\u0131r. Ancak bizim i\u00e7in bu sadece bir ba\u015flang\u0131\u00e7. \u00d6n\u00fcm\u00fczdeki y\u0131llarda hedefimiz, Ayd\u0131n\u2019\u0131 ihracatta ilk 20 \u015fehir aras\u0131na sokarak d\u00fcnya pazar\u0131nda daha g\u00fc\u00e7l\u00fc bir konum elde etmektir. Ayd\u0131n\u2019\u0131 yenilik\u00e7i, s\u00fcrd\u00fcr\u00fclebilir ve k\u00fcresel rekabete haz\u0131r bir sanayi merkezi haline getirmek i\u00e7in \u00e7al\u0131\u015fmaya devam edece\u011fiz. Bu tarihi ba\u015far\u0131ya imza atan t\u00fcm ihracat\u00e7\u0131lar\u0131m\u0131za, sanayicilerimize, \u00e7al\u0131\u015fanlar\u0131m\u0131za ve eme\u011fi ge\u00e7en herkese g\u00f6n\u00fclden te\u015fekk\u00fcr ediyorum. Ayd\u0131n b\u00fcy\u00fcmeye, \u00fcretmeye ve T\u00fcrkiye\u2019ye de\u011fer katmaya devam edecek&#8221; dedi.<br \/><\/p>\n","protected":false},"excerpt":{"rendered":"<p>Ayd\u0131n\u2019\u0131n 2024 y\u0131l\u0131 ihracat\u0131nda tarihinin en y\u00fcksek seviyesine ula\u015ft\u0131\u011f\u0131n\u0131 ifade eden Ayd\u0131n Sanayi Odas\u0131 Ba\u015fkan\u0131 G\u00f6khan Mara\u015f, &#8220;Ayd\u0131n ekonomisinin alt\u0131n y\u0131l\u0131, ihracatta tarihi zirve ya\u015fand\u0131&#8221; dedi. \u00d6nemli ihracat \u00fcr\u00fcnleri ile \u00fclke ekonomisine ciddi katk\u0131 sa\u011flayan Ayd\u0131n\u2019\u0131n 2024 y\u0131l\u0131 ihracat rakamlar\u0131n\u0131n a\u00e7\u0131klanmas\u0131n\u0131n ard\u0131ndan Ayd\u0131n Sanayi Odas\u0131 Ba\u015fkan\u0131 G\u00f6khan Mara\u015f, a\u00e7\u0131klamalarda bulunarak Ayd\u0131n\u2019\u0131n 2024 y\u0131l\u0131 ihracat\u0131nda tarihinin&#8230;<\/p>\n","protected":false},"author":1,"featured_media":15585,"comment_status":"open","ping_status":"open","sticky":false,"template":"","format":"standard","meta":{"_crdt_document":"","footnotes":""},"categories":[125],"tags":[],"class_list":["post-15584","post","type-post","status-publish","format-standard","has-post-thumbnail","hentry","category-ekonomi"],"_links":{"self":[{"href":"https:\/\/www.egemtv.com\/index.php?rest_route=\/wp\/v2\/posts\/15584","targetHints":{"allow":["GET"]}}],"collection":[{"href":"https:\/\/www.egemtv.com\/index.php?rest_route=\/wp\/v2\/posts"}],"about":[{"href":"https:\/\/www.egemtv.com\/index.php?rest_route=\/wp\/v2\/types\/post"}],"author":[{"embeddable":true,"href":"https:\/\/www.egemtv.com\/index.php?rest_route=\/wp\/v2\/users\/1"}],"replies":[{"embeddable":true,"href":"https:\/\/www.egemtv.com\/index.php?rest_route=%2Fwp%2Fv2%2Fcomments&post=15584"}],"version-history":[{"count":1,"href":"https:\/\/www.egemtv.com\/index.php?rest_route=\/wp\/v2\/posts\/15584\/revisions"}],"predecessor-version":[{"id":15586,"href":"https:\/\/www.egemtv.com\/index.php?rest_route=\/wp\/v2\/posts\/15584\/revisions\/15586"}],"wp:featuredmedia":[{"embeddable":true,"href":"https:\/\/www.egemtv.com\/index.php?rest_route=\/wp\/v2\/media\/15585"}],"wp:attachment":[{"href":"https:\/\/www.egemtv.com\/index.php?rest_route=%2Fwp%2Fv2%2Fmedia&parent=15584"}],"wp:term":[{"taxonomy":"category","embeddable":true,"href":"https:\/\/www.egemtv.com\/index.php?rest_route=%2Fwp%2Fv2%2Fcategories&post=15584"},{"taxonomy":"post_tag","embeddable":true,"href":"https:\/\/www.egemtv.com\/index.php?rest_route=%2Fwp%2Fv2%2Ftags&post=15584"}],"curies":[{"name":"wp","href":"https:\/\/api.w.org\/{rel}","templated":true}]}}